{"id":3442,"date":"2023-04-12T12:53:34","date_gmt":"2023-04-12T11:53:34","guid":{"rendered":"https:\/\/a1.com\/?p=3442"},"modified":"2024-01-29T08:53:26","modified_gmt":"2024-01-29T07:53:26","slug":"a1-digital-life-summit-2022","status":"publish","type":"post","link":"https:\/\/a1.com\/de\/a1-digital-life-summit-2022\/","title":{"rendered":"A1 Digital Life Summit 2022"},"content":{"rendered":"\n<div class=\"block-hero-image block-hero-image__size--large\">\n\t<div class=\"image-wrap block-hero-image__image-wrap\" data-align=\"center center\">\n\n\t\t\t<div\n\t\t\tstyle=\"background-image:url(https:\/\/esg.a1.group\/wp-content\/uploads\/sites\/3\/2022\/07\/A1_06_0622_003_Digital_Life_Summit_Banner_1980x10804-2-scaled.jpg)\"\n\t\t\tclass=\"image image--bg image__rounded-corners--none block-hero-image__image\">\n\t\t<\/div>\n\t\n\t<\/div><\/div>\n\n\n<div\n\tclass=\"wrapper wrapper__bg-color--white wrapper__spacing-top-large--60 wrapper__spacing-bottom-large--40       wrapper__border-color-large--primary wrapper__border-size-large--none\"\n\t>\n\n\t\n\t\t\t<div class=\"wrapper__container wrapper__container-width-large--default wrapper__gutter-desktop--default wrapper__gutter-tablet--small\">\n\t\t\t<div class=\"wrapper__inner wrapper__width-large--9 wrapper__offset-large--2\">\n\t\t\t\t<h2 class=\"heading heading__color--black heading__size--default heading__align--left heading__font-family--serif heading__font-weight--bold block-heading__heading\">\n\tA1 Digital Life Summit 2022<\/h2>\t\t\t<\/div>\n\t\t<\/div>\n\t<\/div>\n\n\n<div\n\tclass=\"wrapper wrapper__bg-color--white  wrapper__spacing-bottom-large--40       wrapper__border-color-large--primary wrapper__border-size-large--none\"\n\t>\n\n\t\n\t\t\t<div class=\"wrapper__container wrapper__container-width-large--default wrapper__gutter-desktop--default wrapper__gutter-tablet--small\">\n\t\t\t<div class=\"wrapper__inner wrapper__width-large--8 wrapper__offset-large--2\">\n\t\t\t\t<p class=\"paragraph paragraph__color--black paragraph__size--default paragraph__align--left paragraph__font-family--sans block-paragraph__paragraph\">\n\tWir alle wissen, dass die Klimakrise kein Zukunftsszenario ist \u2013 sie ist heute schon da und im Jahr 2022 hautnah erlebbar. Auch zahlreiche und oftmals dramatische Forschungsberichte lassen immer wieder die Alarmglocken schrillen. Umso wichtiger ist es, dass wir jetzt nicht wegsehen, sondern offen und konstruktiv \u00fcber L\u00f6sungen und Zukunftsszenarien reden und uns austauschen. Unternehmen, Politik, Zivilgesellschaft \u2013 wir alle m\u00fcssen einen Beitrag leisten. Gro\u00dfe Hoffnungen werden dabei besonders in die Digitalisierung gesetzt. Doch was ist realistisch? Was braucht es dar\u00fcber hinaus?<\/p>\t\t\t<\/div>\n\t\t<\/div>\n\t<\/div>\n\n\n<div\n\tclass=\"wrapper wrapper__bg-color--white  wrapper__spacing-bottom-large--40       wrapper__border-color-large--primary wrapper__border-size-large--none\"\n\t>\n\n\t\n\t\t\t<div class=\"wrapper__container wrapper__container-width-large--default wrapper__gutter-desktop--default wrapper__gutter-tablet--small\">\n\t\t\t<div class=\"wrapper__inner wrapper__width-large--12\">\n\t\t\t\t<div class=\"image-wrap block-image__image-wrap\" data-align=\"center center\">\n\n\t\t\t<picture class=\"image image__picture\">\n\t\t\t\t\t\t<img\n\t\t\t\tsrc=\"https:\/\/esg.a1.group\/wp-content\/uploads\/sites\/3\/2022\/07\/Sujet_A1-Digital-Life-Summit.png\"\n\t\t\t\tclass=\"image  image__rounded-corners--none block-image__image\"\n\t\t\t\talt=\"\"\n\t\t\t\/>\n\t\t<\/picture>\n\t\n\t<\/div>\t\t\t<\/div>\n\t\t<\/div>\n\t<\/div>\n\n\n<div\n\tclass=\"wrapper wrapper__bg-color--white  wrapper__spacing-bottom-large--40       wrapper__border-color-large--primary wrapper__border-size-large--none\"\n\t>\n\n\t\n\t\t\t<div class=\"wrapper__container wrapper__container-width-large--default wrapper__gutter-desktop--default wrapper__gutter-tablet--small\">\n\t\t\t<div class=\"wrapper__inner wrapper__width-large--8 wrapper__offset-large--2\">\n\t\t\t\t<p class=\"paragraph paragraph__color--black paragraph__size--default paragraph__align--left paragraph__font-family--sans block-paragraph__paragraph\">\n\tDas diskutieren wir am <strong>28. September ab 18:30 Uhr<\/strong> unter anderem mit der US-amerikanischen Umwelt-Ikone <strong>Erin Brockovich<\/strong>, die nicht m\u00fcde wird, ihre Stimme f\u00fcr Umwelt- und Klimaschutz zu erheben! Sie wird an dem Abend, an dem sich alles um die Digitalisierung und deren Beitrag zur Klimawende drehen wird, die Keynote halten. Weltweite Bekanntheit erlangte Brockovich in den 1990er Jahren durch ihren historischen Erfolg mit einer Sammelklage gegen den Gaskonzern PG&amp;E und den auf diesen Ereignissen basierenden Oscar-pr\u00e4mierten Film \u201eErin Brockovich\u201c mit Julia Roberts.<br><br>Melden Sie sich jetzt schon kostenlos f\u00fcr das digitale Live-Event an und erleben Sie spannende Insights, die zeigen, wie wir die Werkzeuge, die uns im Kampf gegen den Klimawandel zur Verf\u00fcgung stehen, erfolgreich einsetzen k\u00f6nnen.<br><br>Die gesamte Veranstaltung findet in englischer Sprache statt.<br>\u00a0<br>Zur Anmeldung <a href=\"http:\/\/www.a1.net\/digital-life-summit\" target=\"_blank\" rel=\"noreferrer noopener\">www.a1.net\/digital-life-summit<\/a><\/p>\t\t\t<\/div>\n\t\t<\/div>\n\t<\/div>\n","protected":false},"excerpt":{"rendered":"<p>Am 28. September 2022 findet der virtuelle A1 Digital Life Summit mit der renommierten Umweltaktivistin &amp; Bestsellerautorin Erin Brockovich statt. \u201eDigital Solutions for Climate Change\u201c werden an diesem Abend diskutiert und zeigen, wie die Digitalisierung in unterschiedlichsten Bereichen als Hebel im Kampf gegen den Klimawandel eingesetzt werden kann und welche Rahmenbedingungen zum Erfolg beitragen k\u00f6nnen. <\/p>\n","protected":false},"author":3,"featured_media":3443,"comment_status":"closed","ping_status":"closed","sticky":false,"template":"","format":"standard","meta":{"_acf_changed":false,"footnotes":""},"categories":[23],"tags":[],"departments":[19],"class_list":["post-3442","post","type-post","status-publish","format-standard","has-post-thumbnail","hentry","category-umwelt","department-esg"],"acf":[],"yoast_head":"<!-- This site is optimized with the Yoast SEO plugin v27.4 - https:\/\/yoast.com\/product\/yoast-seo-wordpress\/ -->\n<title>A1 Digital Life Summit 2022 - A1 Group<\/title>\n<meta name=\"robots\" content=\"index, follow, max-snippet:-1, max-image-preview:large, max-video-preview:-1\" \/>\n<link rel=\"canonical\" href=\"https:\/\/a1.com\/de\/a1-digital-life-summit-2022\/\" \/>\n<meta property=\"og:locale\" content=\"de_DE\" \/>\n<meta property=\"og:type\" content=\"article\" \/>\n<meta property=\"og:title\" content=\"A1 Digital Life Summit 2022 - A1 Group\" \/>\n<meta property=\"og:description\" content=\"Am 28. September 2022 findet der virtuelle A1 Digital Life Summit mit der renommierten Umweltaktivistin &amp; Bestsellerautorin Erin Brockovich statt. \u201eDigital Solutions for Climate Change\u201c werden an diesem Abend diskutiert und zeigen, wie die Digitalisierung in unterschiedlichsten Bereichen als Hebel im Kampf gegen den Klimawandel eingesetzt werden kann und welche Rahmenbedingungen zum Erfolg beitragen k\u00f6nnen.\" \/>\n<meta property=\"og:url\" content=\"https:\/\/a1.com\/de\/a1-digital-life-summit-2022\/\" \/>\n<meta property=\"og:site_name\" content=\"A1 Group\" \/>\n<meta property=\"article:published_time\" content=\"2023-04-12T11:53:34+00:00\" \/>\n<meta property=\"article:modified_time\" content=\"2024-01-29T07:53:26+00:00\" \/>\n<meta property=\"og:image\" content=\"https:\/\/a1.com\/wp-content\/uploads\/sites\/6\/2023\/04\/Sujet_A1-Digital-Life-Summit.png\" \/>\n\t<meta property=\"og:image:width\" content=\"454\" \/>\n\t<meta property=\"og:image:height\" content=\"644\" \/>\n\t<meta property=\"og:image:type\" content=\"image\/png\" \/>\n<meta name=\"author\" content=\"brunostoefs\" \/>\n<meta name=\"twitter:card\" content=\"summary_large_image\" \/>\n<meta name=\"twitter:label1\" content=\"Written by\" \/>\n\t<meta name=\"twitter:data1\" content=\"brunostoefs\" \/>\n\t<meta name=\"twitter:label2\" content=\"Est. reading time\" \/>\n\t<meta name=\"twitter:data2\" content=\"1 minute\" \/>\n<script type=\"application\/ld+json\" class=\"yoast-schema-graph\">{\"@context\":\"https:\\\/\\\/schema.org\",\"@graph\":[{\"@type\":\"Article\",\"@id\":\"https:\\\/\\\/a1.com\\\/de\\\/a1-digital-life-summit-2022\\\/#article\",\"isPartOf\":{\"@id\":\"https:\\\/\\\/a1.com\\\/de\\\/a1-digital-life-summit-2022\\\/\"},\"author\":{\"name\":\"brunostoefs\",\"@id\":\"https:\\\/\\\/a1.com\\\/#\\\/schema\\\/person\\\/e485e71f7cba8079a7165b813d6b165f\"},\"headline\":\"A1 Digital Life Summit 2022\",\"datePublished\":\"2023-04-12T11:53:34+00:00\",\"dateModified\":\"2024-01-29T07:53:26+00:00\",\"mainEntityOfPage\":{\"@id\":\"https:\\\/\\\/a1.com\\\/de\\\/a1-digital-life-summit-2022\\\/\"},\"wordCount\":4,\"image\":{\"@id\":\"https:\\\/\\\/a1.com\\\/de\\\/a1-digital-life-summit-2022\\\/#primaryimage\"},\"thumbnailUrl\":\"https:\\\/\\\/a1.com\\\/wp-content\\\/uploads\\\/sites\\\/6\\\/2023\\\/04\\\/Sujet_A1-Digital-Life-Summit.png\",\"articleSection\":[\"Umwelt\"],\"inLanguage\":\"de-DE\"},{\"@type\":\"WebPage\",\"@id\":\"https:\\\/\\\/a1.com\\\/de\\\/a1-digital-life-summit-2022\\\/\",\"url\":\"https:\\\/\\\/a1.com\\\/de\\\/a1-digital-life-summit-2022\\\/\",\"name\":\"A1 Digital Life Summit 2022 - A1 Group\",\"isPartOf\":{\"@id\":\"https:\\\/\\\/a1.com\\\/#website\"},\"primaryImageOfPage\":{\"@id\":\"https:\\\/\\\/a1.com\\\/de\\\/a1-digital-life-summit-2022\\\/#primaryimage\"},\"image\":{\"@id\":\"https:\\\/\\\/a1.com\\\/de\\\/a1-digital-life-summit-2022\\\/#primaryimage\"},\"thumbnailUrl\":\"https:\\\/\\\/a1.com\\\/wp-content\\\/uploads\\\/sites\\\/6\\\/2023\\\/04\\\/Sujet_A1-Digital-Life-Summit.png\",\"datePublished\":\"2023-04-12T11:53:34+00:00\",\"dateModified\":\"2024-01-29T07:53:26+00:00\",\"author\":{\"@id\":\"https:\\\/\\\/a1.com\\\/#\\\/schema\\\/person\\\/e485e71f7cba8079a7165b813d6b165f\"},\"breadcrumb\":{\"@id\":\"https:\\\/\\\/a1.com\\\/de\\\/a1-digital-life-summit-2022\\\/#breadcrumb\"},\"inLanguage\":\"de-DE\",\"potentialAction\":[{\"@type\":\"ReadAction\",\"target\":[\"https:\\\/\\\/a1.com\\\/de\\\/a1-digital-life-summit-2022\\\/\"]}]},{\"@type\":\"ImageObject\",\"inLanguage\":\"de-DE\",\"@id\":\"https:\\\/\\\/a1.com\\\/de\\\/a1-digital-life-summit-2022\\\/#primaryimage\",\"url\":\"https:\\\/\\\/a1.com\\\/wp-content\\\/uploads\\\/sites\\\/6\\\/2023\\\/04\\\/Sujet_A1-Digital-Life-Summit.png\",\"contentUrl\":\"https:\\\/\\\/a1.com\\\/wp-content\\\/uploads\\\/sites\\\/6\\\/2023\\\/04\\\/Sujet_A1-Digital-Life-Summit.png\",\"width\":454,\"height\":644},{\"@type\":\"BreadcrumbList\",\"@id\":\"https:\\\/\\\/a1.com\\\/de\\\/a1-digital-life-summit-2022\\\/#breadcrumb\",\"itemListElement\":[{\"@type\":\"ListItem\",\"position\":1,\"name\":\"Home\",\"item\":\"https:\\\/\\\/a1.com\\\/de\\\/\"},{\"@type\":\"ListItem\",\"position\":2,\"name\":\"A1 Digital Life Summit 2022\"}]},{\"@type\":\"WebSite\",\"@id\":\"https:\\\/\\\/a1.com\\\/#website\",\"url\":\"https:\\\/\\\/a1.com\\\/\",\"name\":\"A1 Group\",\"description\":\"\",\"potentialAction\":[{\"@type\":\"SearchAction\",\"target\":{\"@type\":\"EntryPoint\",\"urlTemplate\":\"https:\\\/\\\/a1.com\\\/?s={search_term_string}\"},\"query-input\":{\"@type\":\"PropertyValueSpecification\",\"valueRequired\":true,\"valueName\":\"search_term_string\"}}],\"inLanguage\":\"de-DE\"},{\"@type\":\"Person\",\"@id\":\"https:\\\/\\\/a1.com\\\/#\\\/schema\\\/person\\\/e485e71f7cba8079a7165b813d6b165f\",\"name\":\"brunostoefs\",\"image\":{\"@type\":\"ImageObject\",\"inLanguage\":\"de-DE\",\"@id\":\"https:\\\/\\\/secure.gravatar.com\\\/avatar\\\/b75e7d64b57523075b44921c8efb0e72146828d55a41504f5f3c36ce0044cff0?s=96&d=mm&r=g\",\"url\":\"https:\\\/\\\/secure.gravatar.com\\\/avatar\\\/b75e7d64b57523075b44921c8efb0e72146828d55a41504f5f3c36ce0044cff0?s=96&d=mm&r=g\",\"contentUrl\":\"https:\\\/\\\/secure.gravatar.com\\\/avatar\\\/b75e7d64b57523075b44921c8efb0e72146828d55a41504f5f3c36ce0044cff0?s=96&d=mm&r=g\",\"caption\":\"brunostoefs\"},\"sameAs\":[\"https:\\\/\\\/bruno@engrd.at\"]}]}<\/script>\n<!-- \/ Yoast SEO plugin. -->","yoast_head_json":{"title":"A1 Digital Life Summit 2022 - A1 Group","robots":{"index":"index","follow":"follow","max-snippet":"max-snippet:-1","max-image-preview":"max-image-preview:large","max-video-preview":"max-video-preview:-1"},"canonical":"https:\/\/a1.com\/de\/a1-digital-life-summit-2022\/","og_locale":"de_DE","og_type":"article","og_title":"A1 Digital Life Summit 2022 - A1 Group","og_description":"Am 28. September 2022 findet der virtuelle A1 Digital Life Summit mit der renommierten Umweltaktivistin &amp; Bestsellerautorin Erin Brockovich statt. \u201eDigital Solutions for Climate Change\u201c werden an diesem Abend diskutiert und zeigen, wie die Digitalisierung in unterschiedlichsten Bereichen als Hebel im Kampf gegen den Klimawandel eingesetzt werden kann und welche Rahmenbedingungen zum Erfolg beitragen k\u00f6nnen.","og_url":"https:\/\/a1.com\/de\/a1-digital-life-summit-2022\/","og_site_name":"A1 Group","article_published_time":"2023-04-12T11:53:34+00:00","article_modified_time":"2024-01-29T07:53:26+00:00","og_image":[{"width":454,"height":644,"url":"https:\/\/a1.com\/wp-content\/uploads\/sites\/6\/2023\/04\/Sujet_A1-Digital-Life-Summit.png","type":"image\/png"}],"author":"brunostoefs","twitter_card":"summary_large_image","twitter_misc":{"Written by":"brunostoefs","Est. reading time":"1 minute"},"schema":{"@context":"https:\/\/schema.org","@graph":[{"@type":"Article","@id":"https:\/\/a1.com\/de\/a1-digital-life-summit-2022\/#article","isPartOf":{"@id":"https:\/\/a1.com\/de\/a1-digital-life-summit-2022\/"},"author":{"name":"brunostoefs","@id":"https:\/\/a1.com\/#\/schema\/person\/e485e71f7cba8079a7165b813d6b165f"},"headline":"A1 Digital Life Summit 2022","datePublished":"2023-04-12T11:53:34+00:00","dateModified":"2024-01-29T07:53:26+00:00","mainEntityOfPage":{"@id":"https:\/\/a1.com\/de\/a1-digital-life-summit-2022\/"},"wordCount":4,"image":{"@id":"https:\/\/a1.com\/de\/a1-digital-life-summit-2022\/#primaryimage"},"thumbnailUrl":"https:\/\/a1.com\/wp-content\/uploads\/sites\/6\/2023\/04\/Sujet_A1-Digital-Life-Summit.png","articleSection":["Umwelt"],"inLanguage":"de-DE"},{"@type":"WebPage","@id":"https:\/\/a1.com\/de\/a1-digital-life-summit-2022\/","url":"https:\/\/a1.com\/de\/a1-digital-life-summit-2022\/","name":"A1 Digital Life Summit 2022 - A1 Group","isPartOf":{"@id":"https:\/\/a1.com\/#website"},"primaryImageOfPage":{"@id":"https:\/\/a1.com\/de\/a1-digital-life-summit-2022\/#primaryimage"},"image":{"@id":"https:\/\/a1.com\/de\/a1-digital-life-summit-2022\/#primaryimage"},"thumbnailUrl":"https:\/\/a1.com\/wp-content\/uploads\/sites\/6\/2023\/04\/Sujet_A1-Digital-Life-Summit.png","datePublished":"2023-04-12T11:53:34+00:00","dateModified":"2024-01-29T07:53:26+00:00","author":{"@id":"https:\/\/a1.com\/#\/schema\/person\/e485e71f7cba8079a7165b813d6b165f"},"breadcrumb":{"@id":"https:\/\/a1.com\/de\/a1-digital-life-summit-2022\/#breadcrumb"},"inLanguage":"de-DE","potentialAction":[{"@type":"ReadAction","target":["https:\/\/a1.com\/de\/a1-digital-life-summit-2022\/"]}]},{"@type":"ImageObject","inLanguage":"de-DE","@id":"https:\/\/a1.com\/de\/a1-digital-life-summit-2022\/#primaryimage","url":"https:\/\/a1.com\/wp-content\/uploads\/sites\/6\/2023\/04\/Sujet_A1-Digital-Life-Summit.png","contentUrl":"https:\/\/a1.com\/wp-content\/uploads\/sites\/6\/2023\/04\/Sujet_A1-Digital-Life-Summit.png","width":454,"height":644},{"@type":"BreadcrumbList","@id":"https:\/\/a1.com\/de\/a1-digital-life-summit-2022\/#breadcrumb","itemListElement":[{"@type":"ListItem","position":1,"name":"Home","item":"https:\/\/a1.com\/de\/"},{"@type":"ListItem","position":2,"name":"A1 Digital Life Summit 2022"}]},{"@type":"WebSite","@id":"https:\/\/a1.com\/#website","url":"https:\/\/a1.com\/","name":"A1 Group","description":"","potentialAction":[{"@type":"SearchAction","target":{"@type":"EntryPoint","urlTemplate":"https:\/\/a1.com\/?s={search_term_string}"},"query-input":{"@type":"PropertyValueSpecification","valueRequired":true,"valueName":"search_term_string"}}],"inLanguage":"de-DE"},{"@type":"Person","@id":"https:\/\/a1.com\/#\/schema\/person\/e485e71f7cba8079a7165b813d6b165f","name":"brunostoefs","image":{"@type":"ImageObject","inLanguage":"de-DE","@id":"https:\/\/secure.gravatar.com\/avatar\/b75e7d64b57523075b44921c8efb0e72146828d55a41504f5f3c36ce0044cff0?s=96&d=mm&r=g","url":"https:\/\/secure.gravatar.com\/avatar\/b75e7d64b57523075b44921c8efb0e72146828d55a41504f5f3c36ce0044cff0?s=96&d=mm&r=g","contentUrl":"https:\/\/secure.gravatar.com\/avatar\/b75e7d64b57523075b44921c8efb0e72146828d55a41504f5f3c36ce0044cff0?s=96&d=mm&r=g","caption":"brunostoefs"},"sameAs":["https:\/\/bruno@engrd.at"]}]}},"_links":{"self":[{"href":"https:\/\/a1.com\/de\/wp-json\/wp\/v2\/posts\/3442","targetHints":{"allow":["GET"]}}],"collection":[{"href":"https:\/\/a1.com\/de\/wp-json\/wp\/v2\/posts"}],"about":[{"href":"https:\/\/a1.com\/de\/wp-json\/wp\/v2\/types\/post"}],"author":[{"embeddable":true,"href":"https:\/\/a1.com\/de\/wp-json\/wp\/v2\/users\/3"}],"replies":[{"embeddable":true,"href":"https:\/\/a1.com\/de\/wp-json\/wp\/v2\/comments?post=3442"}],"version-history":[{"count":2,"href":"https:\/\/a1.com\/de\/wp-json\/wp\/v2\/posts\/3442\/revisions"}],"predecessor-version":[{"id":3446,"href":"https:\/\/a1.com\/de\/wp-json\/wp\/v2\/posts\/3442\/revisions\/3446"}],"wp:featuredmedia":[{"embeddable":true,"href":"https:\/\/a1.com\/de\/wp-json\/wp\/v2\/media\/3443"}],"wp:attachment":[{"href":"https:\/\/a1.com\/de\/wp-json\/wp\/v2\/media?parent=3442"}],"wp:term":[{"taxonomy":"category","embeddable":true,"href":"https:\/\/a1.com\/de\/wp-json\/wp\/v2\/categories?post=3442"},{"taxonomy":"post_tag","embeddable":true,"href":"https:\/\/a1.com\/de\/wp-json\/wp\/v2\/tags?post=3442"},{"taxonomy":"department","embeddable":true,"href":"https:\/\/a1.com\/de\/wp-json\/wp\/v2\/departments?post=3442"}],"curies":[{"name":"wp","href":"https:\/\/api.w.org\/{rel}","templated":true}]}}