{"id":3417,"date":"2023-04-12T12:43:46","date_gmt":"2023-04-12T11:43:46","guid":{"rendered":"https:\/\/a1.com\/?p=3417"},"modified":"2024-03-06T15:39:35","modified_gmt":"2024-03-06T14:39:35","slug":"reuse-recycle-a1-slowenien","status":"publish","type":"post","link":"https:\/\/a1.com\/de\/reuse-recycle-a1-slowenien\/","title":{"rendered":"Reuse &amp; Recycle @ A1 Slowenien"},"content":{"rendered":"\n<div class=\"block-hero-image block-hero-image__size--large\">\n\t<div class=\"image-wrap block-hero-image__image-wrap\" data-align=\"center center\">\n\n\t\t\t<div\n\t\t\tstyle=\"background-image:url(https:\/\/a1.com\/wp-content\/uploads\/sites\/6\/2023\/04\/Mobile_1.jpeg)\"\n\t\t\tclass=\"image image--bg image__rounded-corners--none block-hero-image__image\">\n\t\t<\/div>\n\t\n\t<\/div><\/div>\n\n\n<div\n\tclass=\"wrapper wrapper__bg-color--white wrapper__spacing-top-large--60 wrapper__spacing-bottom-large--40       wrapper__border-color-large--primary wrapper__border-size-large--none\"\n\t>\n\n\t\n\t\t\t<div class=\"wrapper__container wrapper__container-width-large--default wrapper__gutter-desktop--default wrapper__gutter-tablet--small\">\n\t\t\t<div class=\"wrapper__inner wrapper__width-large--9 wrapper__offset-large--2\">\n\t\t\t\t<h2 class=\"heading heading__color--black heading__size--default heading__align--left heading__font-family--serif heading__font-weight--bold block-heading__heading\">\n\tReuse &amp; Recycle<br>Dem Handy eine zweite Chance geben<\/h2>\t\t\t<\/div>\n\t\t<\/div>\n\t<\/div>\n\n\n<div\n\tclass=\"wrapper wrapper__bg-color--white  wrapper__spacing-bottom-large--40       wrapper__border-color-large--primary wrapper__border-size-large--none\"\n\t>\n\n\t\n\t\t\t<div class=\"wrapper__container wrapper__container-width-large--default wrapper__gutter-desktop--default wrapper__gutter-tablet--small\">\n\t\t\t<div class=\"wrapper__inner wrapper__width-large--8 wrapper__offset-large--2\">\n\t\t\t\t<p class=\"paragraph paragraph__color--black paragraph__size--default paragraph__align--left paragraph__font-family--sans block-paragraph__paragraph\">\n\tSoziale Verantwortung ist in der Gesch\u00e4ftst\u00e4tigkeit aller Kernm\u00e4rkte der A1 verankert. Die ESG-Ziele spiegeln unsere Verantwortung in den Bereichen Umwelt, Soziales und Governance wider.<br><\/p>\t\t\t<\/div>\n\t\t<\/div>\n\t<\/div>\n\n\n<div\n\tclass=\"wrapper wrapper__bg-color--white  wrapper__spacing-bottom-large--40       wrapper__border-color-large--primary wrapper__border-size-large--none\"\n\t>\n\n\t\n\t\t\t<div class=\"wrapper__container wrapper__container-width-large--default wrapper__gutter-desktop--default wrapper__gutter-tablet--small\">\n\t\t\t<div class=\"wrapper__inner wrapper__width-large--12\">\n\t\t\t\t<div class=\"image-wrap block-image__image-wrap\" data-align=\"center center\">\n\n\t\t\t<picture class=\"image image__picture\">\n\t\t\t\t\t\t<img\n\t\t\t\tsrc=\"https:\/\/esg.a1.group\/wp-content\/uploads\/sites\/3\/2022\/05\/KNSF05125-1.jpeg\"\n\t\t\t\tclass=\"image  image__rounded-corners--none block-image__image\"\n\t\t\t\talt=\"\"\n\t\t\t\/>\n\t\t<\/picture>\n\t\n\t<\/div>\t\t\t<\/div>\n\t\t<\/div>\n\t<\/div>\n\n\n<div\n\tclass=\"wrapper wrapper__bg-color--white  wrapper__spacing-bottom-large--100       wrapper__border-color-large--primary wrapper__border-size-large--none\"\n\t>\n\n\t\n\t\t\t<div class=\"wrapper__container wrapper__container-width-large--default wrapper__gutter-desktop--default wrapper__gutter-tablet--small\">\n\t\t\t<div class=\"wrapper__inner wrapper__width-large--8 wrapper__offset-large--2\">\n\t\t\t\t<p class=\"paragraph paragraph__color--black paragraph__size--default paragraph__align--left paragraph__font-family--sans block-paragraph__paragraph\">\n\tWerfen wir einen Blick auf A1 in Slowenien und was hier bereits gemacht wird, um zur Erreichung der Umweltziele beizutragen.<br><br>Seit einigen Jahren setzt das ESG Team von A1 Slowenien Ideen und Initiativen zur umweltfreundlicheren Gestaltung von Prozessen und Arbeitspl\u00e4tzen zur Verringerung der Umweltbelastung um. Es wird laufend daran gearbeitet, den CO2-Fu\u00dfabdruck zu verkleinern, den Treibstoffverbrauch und die Emissionen durch den Einsatz von Hybridfahrzeugen zu reduzieren, die Energieeffizienz in unseren Fest- und Mobilfunknetzen durch den Einsatz energieeffizienterer Ger\u00e4te und Ausr\u00fcstungen zu erh\u00f6hen, die Arbeitsumgebung umweltfreundlicher zu gestalten, den papierlosen Betrieb zu unterst\u00fctzen, Leitungswasser zu trinken und zu recyceln. Dar\u00fcber hinaus wurde auf dem Dach des A1 Headquarters in Ljubljana ein spezieller Bereich f\u00fcr Bienen eingerichtet. Die Bienen sind mittlerweile Teil der slowenischen A1 Familie geworden. Sie spielen eine wichtige Rolle in unserem \u00d6kosystem, und es wird laufend nach M\u00f6glichkeiten gesucht, die Beziehung zu ihnen zu erweitern. Kleine, aber bedeutende Fu\u00dfabdr\u00fccke zu hinterlassen \u2013 das ist es, was uns antreibt.<br><br>Die Sensibilisierung f\u00fcr die Wichtigkeit der Verringerung der Umweltverschmutzung durch Altger\u00e4te ist in Zeiten der rasanten industriellen Entwicklung essentiell, reicht aber bei weitem nicht aus. Deshalb hat A1 Slowenien beschlossen, einen Schritt weiter zu gehen. Drei general\u00fcberholte Handymodelle wurden in das Sortiment aufgenommen. Es sind Handys, die nicht im M\u00fcll gelandet sind, sondern eine zweite Chance bekommen haben. Mit dem Kauf eines general\u00fcberholten Handys tragen die Kund:innen dazu bei, den CO2-Aussto\u00df zu verringern.\u00a0<\/p>\t\t\t<\/div>\n\t\t<\/div>\n\t<\/div>\n","protected":false},"excerpt":{"rendered":"<p>Die A1 hat sich das Umweltziel gesetzt, bis 2030 die Kreislaufwirtschaft im Unternehmen zu f\u00f6rdern und 50.000 Altger\u00e4te pro Jahr zu recyceln. Hier ein Einblick in die Ideen von A1 Slowenien.<\/p>\n","protected":false},"author":3,"featured_media":3418,"comment_status":"closed","ping_status":"closed","sticky":false,"template":"","format":"standard","meta":{"_acf_changed":false,"footnotes":""},"categories":[23],"tags":[],"departments":[19],"class_list":["post-3417","post","type-post","status-publish","format-standard","has-post-thumbnail","hentry","category-umwelt","department-esg"],"acf":[],"yoast_head":"<!-- This site is optimized with the Yoast SEO plugin v27.4 - https:\/\/yoast.com\/product\/yoast-seo-wordpress\/ -->\n<title>Reuse &amp; Recycle @ A1 Slowenien - A1 Group<\/title>\n<meta name=\"robots\" content=\"index, follow, max-snippet:-1, max-image-preview:large, max-video-preview:-1\" \/>\n<link rel=\"canonical\" href=\"https:\/\/a1.com\/de\/reuse-recycle-a1-slowenien\/\" \/>\n<meta property=\"og:locale\" content=\"de_DE\" \/>\n<meta property=\"og:type\" content=\"article\" \/>\n<meta property=\"og:title\" content=\"Reuse &amp; Recycle @ A1 Slowenien - A1 Group\" \/>\n<meta property=\"og:description\" content=\"Die A1 hat sich das Umweltziel gesetzt, bis 2030 die Kreislaufwirtschaft im Unternehmen zu f\u00f6rdern und 50.000 Altger\u00e4te pro Jahr zu recyceln. Hier ein Einblick in die Ideen von A1 Slowenien.\" \/>\n<meta property=\"og:url\" content=\"https:\/\/a1.com\/de\/reuse-recycle-a1-slowenien\/\" \/>\n<meta property=\"og:site_name\" content=\"A1 Group\" \/>\n<meta property=\"article:published_time\" content=\"2023-04-12T11:43:46+00:00\" \/>\n<meta property=\"article:modified_time\" content=\"2024-03-06T14:39:35+00:00\" \/>\n<meta property=\"og:image\" content=\"https:\/\/a1.com\/wp-content\/uploads\/sites\/6\/2023\/04\/Mobile_1.jpeg\" \/>\n\t<meta property=\"og:image:width\" content=\"1500\" \/>\n\t<meta property=\"og:image:height\" content=\"1000\" \/>\n\t<meta property=\"og:image:type\" content=\"image\/jpeg\" \/>\n<meta name=\"author\" content=\"brunostoefs\" \/>\n<meta name=\"twitter:card\" content=\"summary_large_image\" \/>\n<meta name=\"twitter:label1\" content=\"Written by\" \/>\n\t<meta name=\"twitter:data1\" content=\"brunostoefs\" \/>\n\t<meta name=\"twitter:label2\" content=\"Est. reading time\" \/>\n\t<meta name=\"twitter:data2\" content=\"1 minute\" \/>\n<script type=\"application\/ld+json\" class=\"yoast-schema-graph\">{\"@context\":\"https:\\\/\\\/schema.org\",\"@graph\":[{\"@type\":\"Article\",\"@id\":\"https:\\\/\\\/a1.com\\\/de\\\/reuse-recycle-a1-slowenien\\\/#article\",\"isPartOf\":{\"@id\":\"https:\\\/\\\/a1.com\\\/de\\\/reuse-recycle-a1-slowenien\\\/\"},\"author\":{\"name\":\"brunostoefs\",\"@id\":\"https:\\\/\\\/a1.com\\\/#\\\/schema\\\/person\\\/e485e71f7cba8079a7165b813d6b165f\"},\"headline\":\"Reuse &amp; Recycle @ A1 Slowenien\",\"datePublished\":\"2023-04-12T11:43:46+00:00\",\"dateModified\":\"2024-03-06T14:39:35+00:00\",\"mainEntityOfPage\":{\"@id\":\"https:\\\/\\\/a1.com\\\/de\\\/reuse-recycle-a1-slowenien\\\/\"},\"wordCount\":5,\"image\":{\"@id\":\"https:\\\/\\\/a1.com\\\/de\\\/reuse-recycle-a1-slowenien\\\/#primaryimage\"},\"thumbnailUrl\":\"https:\\\/\\\/a1.com\\\/wp-content\\\/uploads\\\/sites\\\/6\\\/2023\\\/04\\\/Mobile_1.jpeg\",\"articleSection\":[\"Umwelt\"],\"inLanguage\":\"de-DE\"},{\"@type\":\"WebPage\",\"@id\":\"https:\\\/\\\/a1.com\\\/de\\\/reuse-recycle-a1-slowenien\\\/\",\"url\":\"https:\\\/\\\/a1.com\\\/de\\\/reuse-recycle-a1-slowenien\\\/\",\"name\":\"Reuse &amp; Recycle @ A1 Slowenien - A1 Group\",\"isPartOf\":{\"@id\":\"https:\\\/\\\/a1.com\\\/#website\"},\"primaryImageOfPage\":{\"@id\":\"https:\\\/\\\/a1.com\\\/de\\\/reuse-recycle-a1-slowenien\\\/#primaryimage\"},\"image\":{\"@id\":\"https:\\\/\\\/a1.com\\\/de\\\/reuse-recycle-a1-slowenien\\\/#primaryimage\"},\"thumbnailUrl\":\"https:\\\/\\\/a1.com\\\/wp-content\\\/uploads\\\/sites\\\/6\\\/2023\\\/04\\\/Mobile_1.jpeg\",\"datePublished\":\"2023-04-12T11:43:46+00:00\",\"dateModified\":\"2024-03-06T14:39:35+00:00\",\"author\":{\"@id\":\"https:\\\/\\\/a1.com\\\/#\\\/schema\\\/person\\\/e485e71f7cba8079a7165b813d6b165f\"},\"breadcrumb\":{\"@id\":\"https:\\\/\\\/a1.com\\\/de\\\/reuse-recycle-a1-slowenien\\\/#breadcrumb\"},\"inLanguage\":\"de-DE\",\"potentialAction\":[{\"@type\":\"ReadAction\",\"target\":[\"https:\\\/\\\/a1.com\\\/de\\\/reuse-recycle-a1-slowenien\\\/\"]}]},{\"@type\":\"ImageObject\",\"inLanguage\":\"de-DE\",\"@id\":\"https:\\\/\\\/a1.com\\\/de\\\/reuse-recycle-a1-slowenien\\\/#primaryimage\",\"url\":\"https:\\\/\\\/a1.com\\\/wp-content\\\/uploads\\\/sites\\\/6\\\/2023\\\/04\\\/Mobile_1.jpeg\",\"contentUrl\":\"https:\\\/\\\/a1.com\\\/wp-content\\\/uploads\\\/sites\\\/6\\\/2023\\\/04\\\/Mobile_1.jpeg\",\"width\":1500,\"height\":1000,\"caption\":\"Young woman sitting on dining table reading smartphone texts\"},{\"@type\":\"BreadcrumbList\",\"@id\":\"https:\\\/\\\/a1.com\\\/de\\\/reuse-recycle-a1-slowenien\\\/#breadcrumb\",\"itemListElement\":[{\"@type\":\"ListItem\",\"position\":1,\"name\":\"Home\",\"item\":\"https:\\\/\\\/a1.com\\\/de\\\/\"},{\"@type\":\"ListItem\",\"position\":2,\"name\":\"Reuse &amp; Recycle @ A1 Slowenien\"}]},{\"@type\":\"WebSite\",\"@id\":\"https:\\\/\\\/a1.com\\\/#website\",\"url\":\"https:\\\/\\\/a1.com\\\/\",\"name\":\"A1 Group\",\"description\":\"\",\"potentialAction\":[{\"@type\":\"SearchAction\",\"target\":{\"@type\":\"EntryPoint\",\"urlTemplate\":\"https:\\\/\\\/a1.com\\\/?s={search_term_string}\"},\"query-input\":{\"@type\":\"PropertyValueSpecification\",\"valueRequired\":true,\"valueName\":\"search_term_string\"}}],\"inLanguage\":\"de-DE\"},{\"@type\":\"Person\",\"@id\":\"https:\\\/\\\/a1.com\\\/#\\\/schema\\\/person\\\/e485e71f7cba8079a7165b813d6b165f\",\"name\":\"brunostoefs\",\"image\":{\"@type\":\"ImageObject\",\"inLanguage\":\"de-DE\",\"@id\":\"https:\\\/\\\/secure.gravatar.com\\\/avatar\\\/b75e7d64b57523075b44921c8efb0e72146828d55a41504f5f3c36ce0044cff0?s=96&d=mm&r=g\",\"url\":\"https:\\\/\\\/secure.gravatar.com\\\/avatar\\\/b75e7d64b57523075b44921c8efb0e72146828d55a41504f5f3c36ce0044cff0?s=96&d=mm&r=g\",\"contentUrl\":\"https:\\\/\\\/secure.gravatar.com\\\/avatar\\\/b75e7d64b57523075b44921c8efb0e72146828d55a41504f5f3c36ce0044cff0?s=96&d=mm&r=g\",\"caption\":\"brunostoefs\"},\"sameAs\":[\"https:\\\/\\\/bruno@engrd.at\"]}]}<\/script>\n<!-- \/ Yoast SEO plugin. -->","yoast_head_json":{"title":"Reuse &amp; Recycle @ A1 Slowenien - A1 Group","robots":{"index":"index","follow":"follow","max-snippet":"max-snippet:-1","max-image-preview":"max-image-preview:large","max-video-preview":"max-video-preview:-1"},"canonical":"https:\/\/a1.com\/de\/reuse-recycle-a1-slowenien\/","og_locale":"de_DE","og_type":"article","og_title":"Reuse &amp; Recycle @ A1 Slowenien - A1 Group","og_description":"Die A1 hat sich das Umweltziel gesetzt, bis 2030 die Kreislaufwirtschaft im Unternehmen zu f\u00f6rdern und 50.000 Altger\u00e4te pro Jahr zu recyceln. Hier ein Einblick in die Ideen von A1 Slowenien.","og_url":"https:\/\/a1.com\/de\/reuse-recycle-a1-slowenien\/","og_site_name":"A1 Group","article_published_time":"2023-04-12T11:43:46+00:00","article_modified_time":"2024-03-06T14:39:35+00:00","og_image":[{"width":1500,"height":1000,"url":"https:\/\/a1.com\/wp-content\/uploads\/sites\/6\/2023\/04\/Mobile_1.jpeg","type":"image\/jpeg"}],"author":"brunostoefs","twitter_card":"summary_large_image","twitter_misc":{"Written by":"brunostoefs","Est. reading time":"1 minute"},"schema":{"@context":"https:\/\/schema.org","@graph":[{"@type":"Article","@id":"https:\/\/a1.com\/de\/reuse-recycle-a1-slowenien\/#article","isPartOf":{"@id":"https:\/\/a1.com\/de\/reuse-recycle-a1-slowenien\/"},"author":{"name":"brunostoefs","@id":"https:\/\/a1.com\/#\/schema\/person\/e485e71f7cba8079a7165b813d6b165f"},"headline":"Reuse &amp; Recycle @ A1 Slowenien","datePublished":"2023-04-12T11:43:46+00:00","dateModified":"2024-03-06T14:39:35+00:00","mainEntityOfPage":{"@id":"https:\/\/a1.com\/de\/reuse-recycle-a1-slowenien\/"},"wordCount":5,"image":{"@id":"https:\/\/a1.com\/de\/reuse-recycle-a1-slowenien\/#primaryimage"},"thumbnailUrl":"https:\/\/a1.com\/wp-content\/uploads\/sites\/6\/2023\/04\/Mobile_1.jpeg","articleSection":["Umwelt"],"inLanguage":"de-DE"},{"@type":"WebPage","@id":"https:\/\/a1.com\/de\/reuse-recycle-a1-slowenien\/","url":"https:\/\/a1.com\/de\/reuse-recycle-a1-slowenien\/","name":"Reuse &amp; Recycle @ A1 Slowenien - A1 Group","isPartOf":{"@id":"https:\/\/a1.com\/#website"},"primaryImageOfPage":{"@id":"https:\/\/a1.com\/de\/reuse-recycle-a1-slowenien\/#primaryimage"},"image":{"@id":"https:\/\/a1.com\/de\/reuse-recycle-a1-slowenien\/#primaryimage"},"thumbnailUrl":"https:\/\/a1.com\/wp-content\/uploads\/sites\/6\/2023\/04\/Mobile_1.jpeg","datePublished":"2023-04-12T11:43:46+00:00","dateModified":"2024-03-06T14:39:35+00:00","author":{"@id":"https:\/\/a1.com\/#\/schema\/person\/e485e71f7cba8079a7165b813d6b165f"},"breadcrumb":{"@id":"https:\/\/a1.com\/de\/reuse-recycle-a1-slowenien\/#breadcrumb"},"inLanguage":"de-DE","potentialAction":[{"@type":"ReadAction","target":["https:\/\/a1.com\/de\/reuse-recycle-a1-slowenien\/"]}]},{"@type":"ImageObject","inLanguage":"de-DE","@id":"https:\/\/a1.com\/de\/reuse-recycle-a1-slowenien\/#primaryimage","url":"https:\/\/a1.com\/wp-content\/uploads\/sites\/6\/2023\/04\/Mobile_1.jpeg","contentUrl":"https:\/\/a1.com\/wp-content\/uploads\/sites\/6\/2023\/04\/Mobile_1.jpeg","width":1500,"height":1000,"caption":"Young woman sitting on dining table reading smartphone texts"},{"@type":"BreadcrumbList","@id":"https:\/\/a1.com\/de\/reuse-recycle-a1-slowenien\/#breadcrumb","itemListElement":[{"@type":"ListItem","position":1,"name":"Home","item":"https:\/\/a1.com\/de\/"},{"@type":"ListItem","position":2,"name":"Reuse &amp; Recycle @ A1 Slowenien"}]},{"@type":"WebSite","@id":"https:\/\/a1.com\/#website","url":"https:\/\/a1.com\/","name":"A1 Group","description":"","potentialAction":[{"@type":"SearchAction","target":{"@type":"EntryPoint","urlTemplate":"https:\/\/a1.com\/?s={search_term_string}"},"query-input":{"@type":"PropertyValueSpecification","valueRequired":true,"valueName":"search_term_string"}}],"inLanguage":"de-DE"},{"@type":"Person","@id":"https:\/\/a1.com\/#\/schema\/person\/e485e71f7cba8079a7165b813d6b165f","name":"brunostoefs","image":{"@type":"ImageObject","inLanguage":"de-DE","@id":"https:\/\/secure.gravatar.com\/avatar\/b75e7d64b57523075b44921c8efb0e72146828d55a41504f5f3c36ce0044cff0?s=96&d=mm&r=g","url":"https:\/\/secure.gravatar.com\/avatar\/b75e7d64b57523075b44921c8efb0e72146828d55a41504f5f3c36ce0044cff0?s=96&d=mm&r=g","contentUrl":"https:\/\/secure.gravatar.com\/avatar\/b75e7d64b57523075b44921c8efb0e72146828d55a41504f5f3c36ce0044cff0?s=96&d=mm&r=g","caption":"brunostoefs"},"sameAs":["https:\/\/bruno@engrd.at"]}]}},"_links":{"self":[{"href":"https:\/\/a1.com\/de\/wp-json\/wp\/v2\/posts\/3417","targetHints":{"allow":["GET"]}}],"collection":[{"href":"https:\/\/a1.com\/de\/wp-json\/wp\/v2\/posts"}],"about":[{"href":"https:\/\/a1.com\/de\/wp-json\/wp\/v2\/types\/post"}],"author":[{"embeddable":true,"href":"https:\/\/a1.com\/de\/wp-json\/wp\/v2\/users\/3"}],"replies":[{"embeddable":true,"href":"https:\/\/a1.com\/de\/wp-json\/wp\/v2\/comments?post=3417"}],"version-history":[{"count":3,"href":"https:\/\/a1.com\/de\/wp-json\/wp\/v2\/posts\/3417\/revisions"}],"predecessor-version":[{"id":12797,"href":"https:\/\/a1.com\/de\/wp-json\/wp\/v2\/posts\/3417\/revisions\/12797"}],"wp:featuredmedia":[{"embeddable":true,"href":"https:\/\/a1.com\/de\/wp-json\/wp\/v2\/media\/3418"}],"wp:attachment":[{"href":"https:\/\/a1.com\/de\/wp-json\/wp\/v2\/media?parent=3417"}],"wp:term":[{"taxonomy":"category","embeddable":true,"href":"https:\/\/a1.com\/de\/wp-json\/wp\/v2\/categories?post=3417"},{"taxonomy":"post_tag","embeddable":true,"href":"https:\/\/a1.com\/de\/wp-json\/wp\/v2\/tags?post=3417"},{"taxonomy":"department","embeddable":true,"href":"https:\/\/a1.com\/de\/wp-json\/wp\/v2\/departments?post=3417"}],"curies":[{"name":"wp","href":"https:\/\/api.w.org\/{rel}","templated":true}]}}