{"id":3412,"date":"2023-04-12T12:42:25","date_gmt":"2023-04-12T11:42:25","guid":{"rendered":"https:\/\/a1.com\/?p=3412"},"modified":"2024-01-29T08:54:28","modified_gmt":"2024-01-29T07:54:28","slug":"energie-aus-erneuerbaren-quellen-a1-kroatien","status":"publish","type":"post","link":"https:\/\/a1.com\/de\/energie-aus-erneuerbaren-quellen-a1-kroatien\/","title":{"rendered":"Energie aus erneuerbaren Quellen @ A1 Kroatien"},"content":{"rendered":"\n<div class=\"block-hero-image block-hero-image__size--large\">\n\t<div class=\"image-wrap block-hero-image__image-wrap\" data-align=\"center center\">\n\n\t\t\t<div\n\t\t\tstyle=\"background-image:url(https:\/\/a1.com\/wp-content\/uploads\/sites\/6\/2023\/04\/WVF00830_crop.jpeg)\"\n\t\t\tclass=\"image image--bg image__rounded-corners--none block-hero-image__image\">\n\t\t<\/div>\n\t\n\t<\/div><\/div>\n\n\n<div\n\tclass=\"wrapper wrapper__bg-color--white wrapper__spacing-top-large--60 wrapper__spacing-bottom-large--40       wrapper__border-color-large--primary wrapper__border-size-large--none\"\n\t>\n\n\t\n\t\t\t<div class=\"wrapper__container wrapper__container-width-large--default wrapper__gutter-desktop--default wrapper__gutter-tablet--small\">\n\t\t\t<div class=\"wrapper__inner wrapper__width-large--9 wrapper__offset-large--2\">\n\t\t\t\t<h2 class=\"heading heading__color--black heading__size--default heading__align--left heading__font-family--serif heading__font-weight--bold block-heading__heading\">\n\t<strong>A1 Kroatien dreht gr\u00fcn auf!<\/strong><\/h2>\t\t\t<\/div>\n\t\t<\/div>\n\t<\/div>\n\n\n<div\n\tclass=\"wrapper wrapper__bg-color--white  wrapper__spacing-bottom-large--40       wrapper__border-color-large--primary wrapper__border-size-large--none\"\n\t>\n\n\t\n\t\t\t<div class=\"wrapper__container wrapper__container-width-large--default wrapper__gutter-desktop--default wrapper__gutter-tablet--small\">\n\t\t\t<div class=\"wrapper__inner wrapper__width-large--8 wrapper__offset-large--2\">\n\t\t\t\t<p class=\"paragraph paragraph__color--black paragraph__size--default paragraph__align--left paragraph__font-family--sans block-paragraph__paragraph\">\n\tA1 nimmt ihre Verantwortung als Unternehmen wahr, sich um unsere Umwelt zu k\u00fcmmern, aktiv der Erderw\u00e4rmung entgegenzuwirken und nachhaltigen Handel zu f\u00f6rdern. Im Einklang mit unserer internationalen ESG Strategie wollen wir bis 2030 die CO<sub>2<\/sub>-Emissionen auf netto null reduzieren, indem wir schrittweise auf Energie aus erneuerbaren Quellen umsteigen.<br><br>Bei A1 in Kroatien verfolgen wir diese Ziele ebenso und haben uns daher um das EU F\u00f6rderungsprogramm \u201eLIFE\u201c beworben. Dessen Ziele sind EU Umwelt- und Klimapolitik sowie -gesetze zu implementieren, zu erneuern und zu entwickeln, indem europaweite Projekte finanziell unterst\u00fctzt werden.<br>\u00a0<br>Und wir waren erfolgreich!<\/p>\t\t\t<\/div>\n\t\t<\/div>\n\t<\/div>\n\n\n<div\n\tclass=\"wrapper wrapper__bg-color--white  wrapper__spacing-bottom-large--40       wrapper__border-color-large--primary wrapper__border-size-large--none\"\n\t>\n\n\t\n\t\t\t<div class=\"wrapper__container wrapper__container-width-large--default wrapper__gutter-desktop--default wrapper__gutter-tablet--small\">\n\t\t\t<div class=\"wrapper__inner wrapper__width-large--12\">\n\t\t\t\t<div class=\"image-wrap block-image__image-wrap\" data-align=\"center center\">\n\n\t\t\t<picture class=\"image image__picture\">\n\t\t\t\t\t\t<img\n\t\t\t\tsrc=\"https:\/\/esg.a1.group\/wp-content\/uploads\/sites\/3\/2022\/05\/MAUF02689.jpeg\"\n\t\t\t\tclass=\"image  image__rounded-corners--none block-image__image\"\n\t\t\t\talt=\"\"\n\t\t\t\/>\n\t\t<\/picture>\n\t\n\t<\/div>\t\t\t<\/div>\n\t\t<\/div>\n\t<\/div>\n\n\n<div\n\tclass=\"wrapper wrapper__bg-color--white  wrapper__spacing-bottom-large--100       wrapper__border-color-large--primary wrapper__border-size-large--none\"\n\t>\n\n\t\n\t\t\t<div class=\"wrapper__container wrapper__container-width-large--default wrapper__gutter-desktop--default wrapper__gutter-tablet--small\">\n\t\t\t<div class=\"wrapper__inner wrapper__width-large--8 wrapper__offset-large--2\">\n\t\t\t\t<p class=\"paragraph paragraph__color--black paragraph__size--default paragraph__align--left paragraph__font-family--sans block-paragraph__paragraph\">\n\tUnser internes 8-k\u00f6pfiges Expert:innen-Team stellt das Projekt \u201eLIFE 4 Green Broadband\u201c vor:<br><br><strong>Nevenka (Projektkoordinatorin LIFE Programm) erkl\u00e4rt:<\/strong>\u00a0\u201eUnser Projekt \u201aLIFE 4 Green Broadband\u2018 ist auf die Einsparung und Reduktion von CO<sub>2<\/sub>\u00a0Emissionen in unserem Netzwerk ausgerichtet. Das wollen wir durch Implementierung eines K\u00fchlsystems und durch Verwendung von Energie aus erneuerbaren Quellen, z.B. Solarenergie, erreichen. Dabei erwarten wir, dass der Energieverbrauch um 1,7 Millionen kWh pro Jahr und der CO<sub>2<\/sub>\u00a0Aussto\u00df um \u00fcber 400 Tonnen j\u00e4hrlich sinkt. Der Gesamtwert des Investments betr\u00e4gt ungef\u00e4hr 2,2 Millionen Euro, von denen die EU 55% (1,2 Millionen Euro) finanziert. Au\u00dferdem wurde uns vom \u201aEnvironmental Protection and Energy Efficiency Fund\u2018 eine weitere Co-Finanzierung des Projekts mit 200.000 Euro zugesagt. Das Projekt passt perfekt in die ESG Strategie unseres Unternehmens.\u201c<br>\u201eAuf der einen Seite stellt unser Energieversorger ganzj\u00e4hrig Energie aus erneuerbaren Quellen bereit, und auf der anderen Seite haben wir mit dem LIFE Projekt angefangen, solche Quellen auch f\u00fcr unsere Masten zu benutzen\u201c \u2013\u00a0<strong>erkl\u00e4rt Tomislav, der Projektmanager des LIFE Programms.<\/strong><br><br><strong>Iva (Corporate Communications):<\/strong>\u00a0Obwohl die Telekomindustrie ein nicht allzu gro\u00dfer Verschmutzer ist, verbrauchen wir doch eine Menge Strom. Deswegen denken wir immer an M\u00f6glichkeiten, unseren CO<sub>2<\/sub>\u00a0Fu\u00dfabdruck zu verringern. Mit der Wahl des Energieanbieters\u00a0<a rel=\"noreferrer noopener\" href=\"https:\/\/zelen.hep.hr\/en\" target=\"_blank\">ZelEn<\/a>\u00a0haben wir sichergestellt, dass die Elektrizit\u00e4t, die wir verwenden, ausnahmslos aus erneuerbaren Quellen gewonnen wird. Tu Gutes und rede dar\u00fcber: Zus\u00e4tzlich zu dem Erfolg, den wir durch den Erhalt der Co-Finanzierung des LIFE Programms f\u00fcr gr\u00fcne Aktivit\u00e4ten in unserem Netzwerk erreicht haben, wurde die integrierte interne und externe Kommunikation \u201eA1 Act green\u201c mit dem weltweit angesehenen Kommunikations-Award \u201eThe IPRA Golden World Awards\u201c in der Kategorie \u201eUmwelt\u201c ausgezeichnet!<br><br>Das Team in Bulgarien scherzt bereits dar\u00fcber, dass sie bald neue Regale f\u00fcr all die Preise brauchen, aber noch gl\u00fccklicher sind sie dar\u00fcber, dass sie als Telco-Unternehmen mit Fokus auf Umwelt und Biodiversit\u00e4t ernst genommen werden. Wir glauben wirklich an #makeithappen.<\/p>\t\t\t<\/div>\n\t\t<\/div>\n\t<\/div>\n","protected":false},"excerpt":{"rendered":"<p>Unsere Kolleg:innen von A1 Kroatien stellen das Projekt \u201eLIFE 4 Green Broadband\u201c vor.<\/p>\n","protected":false},"author":3,"featured_media":3413,"comment_status":"closed","ping_status":"closed","sticky":false,"template":"","format":"standard","meta":{"_acf_changed":false,"footnotes":""},"categories":[23],"tags":[],"departments":[19],"class_list":["post-3412","post","type-post","status-publish","format-standard","has-post-thumbnail","hentry","category-umwelt","department-esg"],"acf":[],"yoast_head":"<!-- This site is optimized with the Yoast SEO plugin v27.4 - https:\/\/yoast.com\/product\/yoast-seo-wordpress\/ -->\n<title>Energie aus erneuerbaren Quellen @ A1 Kroatien - A1 Group<\/title>\n<meta name=\"robots\" content=\"index, follow, max-snippet:-1, max-image-preview:large, max-video-preview:-1\" \/>\n<link rel=\"canonical\" href=\"https:\/\/a1.com\/de\/energie-aus-erneuerbaren-quellen-a1-kroatien\/\" \/>\n<meta property=\"og:locale\" content=\"de_DE\" \/>\n<meta property=\"og:type\" content=\"article\" \/>\n<meta property=\"og:title\" content=\"Energie aus erneuerbaren Quellen @ A1 Kroatien - A1 Group\" \/>\n<meta property=\"og:description\" content=\"Unsere Kolleg:innen von A1 Kroatien stellen das Projekt \u201eLIFE 4 Green Broadband\u201c vor.\" \/>\n<meta property=\"og:url\" content=\"https:\/\/a1.com\/de\/energie-aus-erneuerbaren-quellen-a1-kroatien\/\" \/>\n<meta property=\"og:site_name\" content=\"A1 Group\" \/>\n<meta property=\"article:published_time\" content=\"2023-04-12T11:42:25+00:00\" \/>\n<meta property=\"article:modified_time\" content=\"2024-01-29T07:54:28+00:00\" \/>\n<meta property=\"og:image\" content=\"https:\/\/a1.com\/wp-content\/uploads\/sites\/6\/2023\/04\/WVF00830_crop.jpeg\" \/>\n\t<meta property=\"og:image:width\" content=\"1800\" \/>\n\t<meta property=\"og:image:height\" content=\"901\" \/>\n\t<meta property=\"og:image:type\" content=\"image\/jpeg\" \/>\n<meta name=\"author\" content=\"brunostoefs\" \/>\n<meta name=\"twitter:card\" content=\"summary_large_image\" \/>\n<meta name=\"twitter:label1\" content=\"Written by\" \/>\n\t<meta name=\"twitter:data1\" content=\"brunostoefs\" \/>\n\t<meta name=\"twitter:label2\" content=\"Est. reading time\" \/>\n\t<meta name=\"twitter:data2\" content=\"1 minute\" \/>\n<script type=\"application\/ld+json\" class=\"yoast-schema-graph\">{\"@context\":\"https:\\\/\\\/schema.org\",\"@graph\":[{\"@type\":\"Article\",\"@id\":\"https:\\\/\\\/a1.com\\\/de\\\/energie-aus-erneuerbaren-quellen-a1-kroatien\\\/#article\",\"isPartOf\":{\"@id\":\"https:\\\/\\\/a1.com\\\/de\\\/energie-aus-erneuerbaren-quellen-a1-kroatien\\\/\"},\"author\":{\"name\":\"brunostoefs\",\"@id\":\"https:\\\/\\\/a1.com\\\/#\\\/schema\\\/person\\\/e485e71f7cba8079a7165b813d6b165f\"},\"headline\":\"Energie aus erneuerbaren Quellen @ A1 Kroatien\",\"datePublished\":\"2023-04-12T11:42:25+00:00\",\"dateModified\":\"2024-01-29T07:54:28+00:00\",\"mainEntityOfPage\":{\"@id\":\"https:\\\/\\\/a1.com\\\/de\\\/energie-aus-erneuerbaren-quellen-a1-kroatien\\\/\"},\"wordCount\":6,\"image\":{\"@id\":\"https:\\\/\\\/a1.com\\\/de\\\/energie-aus-erneuerbaren-quellen-a1-kroatien\\\/#primaryimage\"},\"thumbnailUrl\":\"https:\\\/\\\/a1.com\\\/wp-content\\\/uploads\\\/sites\\\/6\\\/2023\\\/04\\\/WVF00830_crop.jpeg\",\"articleSection\":[\"Umwelt\"],\"inLanguage\":\"de-DE\"},{\"@type\":\"WebPage\",\"@id\":\"https:\\\/\\\/a1.com\\\/de\\\/energie-aus-erneuerbaren-quellen-a1-kroatien\\\/\",\"url\":\"https:\\\/\\\/a1.com\\\/de\\\/energie-aus-erneuerbaren-quellen-a1-kroatien\\\/\",\"name\":\"Energie aus erneuerbaren Quellen @ A1 Kroatien - A1 Group\",\"isPartOf\":{\"@id\":\"https:\\\/\\\/a1.com\\\/#website\"},\"primaryImageOfPage\":{\"@id\":\"https:\\\/\\\/a1.com\\\/de\\\/energie-aus-erneuerbaren-quellen-a1-kroatien\\\/#primaryimage\"},\"image\":{\"@id\":\"https:\\\/\\\/a1.com\\\/de\\\/energie-aus-erneuerbaren-quellen-a1-kroatien\\\/#primaryimage\"},\"thumbnailUrl\":\"https:\\\/\\\/a1.com\\\/wp-content\\\/uploads\\\/sites\\\/6\\\/2023\\\/04\\\/WVF00830_crop.jpeg\",\"datePublished\":\"2023-04-12T11:42:25+00:00\",\"dateModified\":\"2024-01-29T07:54:28+00:00\",\"author\":{\"@id\":\"https:\\\/\\\/a1.com\\\/#\\\/schema\\\/person\\\/e485e71f7cba8079a7165b813d6b165f\"},\"breadcrumb\":{\"@id\":\"https:\\\/\\\/a1.com\\\/de\\\/energie-aus-erneuerbaren-quellen-a1-kroatien\\\/#breadcrumb\"},\"inLanguage\":\"de-DE\",\"potentialAction\":[{\"@type\":\"ReadAction\",\"target\":[\"https:\\\/\\\/a1.com\\\/de\\\/energie-aus-erneuerbaren-quellen-a1-kroatien\\\/\"]}]},{\"@type\":\"ImageObject\",\"inLanguage\":\"de-DE\",\"@id\":\"https:\\\/\\\/a1.com\\\/de\\\/energie-aus-erneuerbaren-quellen-a1-kroatien\\\/#primaryimage\",\"url\":\"https:\\\/\\\/a1.com\\\/wp-content\\\/uploads\\\/sites\\\/6\\\/2023\\\/04\\\/WVF00830_crop.jpeg\",\"contentUrl\":\"https:\\\/\\\/a1.com\\\/wp-content\\\/uploads\\\/sites\\\/6\\\/2023\\\/04\\\/WVF00830_crop.jpeg\",\"width\":1800,\"height\":901,\"caption\":\"Back view of woman jumping with arms outstretched on country road in the evening\"},{\"@type\":\"BreadcrumbList\",\"@id\":\"https:\\\/\\\/a1.com\\\/de\\\/energie-aus-erneuerbaren-quellen-a1-kroatien\\\/#breadcrumb\",\"itemListElement\":[{\"@type\":\"ListItem\",\"position\":1,\"name\":\"Home\",\"item\":\"https:\\\/\\\/a1.com\\\/de\\\/\"},{\"@type\":\"ListItem\",\"position\":2,\"name\":\"Energie aus erneuerbaren Quellen @ A1 Kroatien\"}]},{\"@type\":\"WebSite\",\"@id\":\"https:\\\/\\\/a1.com\\\/#website\",\"url\":\"https:\\\/\\\/a1.com\\\/\",\"name\":\"A1 Group\",\"description\":\"\",\"potentialAction\":[{\"@type\":\"SearchAction\",\"target\":{\"@type\":\"EntryPoint\",\"urlTemplate\":\"https:\\\/\\\/a1.com\\\/?s={search_term_string}\"},\"query-input\":{\"@type\":\"PropertyValueSpecification\",\"valueRequired\":true,\"valueName\":\"search_term_string\"}}],\"inLanguage\":\"de-DE\"},{\"@type\":\"Person\",\"@id\":\"https:\\\/\\\/a1.com\\\/#\\\/schema\\\/person\\\/e485e71f7cba8079a7165b813d6b165f\",\"name\":\"brunostoefs\",\"image\":{\"@type\":\"ImageObject\",\"inLanguage\":\"de-DE\",\"@id\":\"https:\\\/\\\/secure.gravatar.com\\\/avatar\\\/b75e7d64b57523075b44921c8efb0e72146828d55a41504f5f3c36ce0044cff0?s=96&d=mm&r=g\",\"url\":\"https:\\\/\\\/secure.gravatar.com\\\/avatar\\\/b75e7d64b57523075b44921c8efb0e72146828d55a41504f5f3c36ce0044cff0?s=96&d=mm&r=g\",\"contentUrl\":\"https:\\\/\\\/secure.gravatar.com\\\/avatar\\\/b75e7d64b57523075b44921c8efb0e72146828d55a41504f5f3c36ce0044cff0?s=96&d=mm&r=g\",\"caption\":\"brunostoefs\"},\"sameAs\":[\"https:\\\/\\\/bruno@engrd.at\"]}]}<\/script>\n<!-- \/ Yoast SEO plugin. -->","yoast_head_json":{"title":"Energie aus erneuerbaren Quellen @ A1 Kroatien - A1 Group","robots":{"index":"index","follow":"follow","max-snippet":"max-snippet:-1","max-image-preview":"max-image-preview:large","max-video-preview":"max-video-preview:-1"},"canonical":"https:\/\/a1.com\/de\/energie-aus-erneuerbaren-quellen-a1-kroatien\/","og_locale":"de_DE","og_type":"article","og_title":"Energie aus erneuerbaren Quellen @ A1 Kroatien - A1 Group","og_description":"Unsere Kolleg:innen von A1 Kroatien stellen das Projekt \u201eLIFE 4 Green Broadband\u201c vor.","og_url":"https:\/\/a1.com\/de\/energie-aus-erneuerbaren-quellen-a1-kroatien\/","og_site_name":"A1 Group","article_published_time":"2023-04-12T11:42:25+00:00","article_modified_time":"2024-01-29T07:54:28+00:00","og_image":[{"width":1800,"height":901,"url":"https:\/\/a1.com\/wp-content\/uploads\/sites\/6\/2023\/04\/WVF00830_crop.jpeg","type":"image\/jpeg"}],"author":"brunostoefs","twitter_card":"summary_large_image","twitter_misc":{"Written by":"brunostoefs","Est. reading time":"1 minute"},"schema":{"@context":"https:\/\/schema.org","@graph":[{"@type":"Article","@id":"https:\/\/a1.com\/de\/energie-aus-erneuerbaren-quellen-a1-kroatien\/#article","isPartOf":{"@id":"https:\/\/a1.com\/de\/energie-aus-erneuerbaren-quellen-a1-kroatien\/"},"author":{"name":"brunostoefs","@id":"https:\/\/a1.com\/#\/schema\/person\/e485e71f7cba8079a7165b813d6b165f"},"headline":"Energie aus erneuerbaren Quellen @ A1 Kroatien","datePublished":"2023-04-12T11:42:25+00:00","dateModified":"2024-01-29T07:54:28+00:00","mainEntityOfPage":{"@id":"https:\/\/a1.com\/de\/energie-aus-erneuerbaren-quellen-a1-kroatien\/"},"wordCount":6,"image":{"@id":"https:\/\/a1.com\/de\/energie-aus-erneuerbaren-quellen-a1-kroatien\/#primaryimage"},"thumbnailUrl":"https:\/\/a1.com\/wp-content\/uploads\/sites\/6\/2023\/04\/WVF00830_crop.jpeg","articleSection":["Umwelt"],"inLanguage":"de-DE"},{"@type":"WebPage","@id":"https:\/\/a1.com\/de\/energie-aus-erneuerbaren-quellen-a1-kroatien\/","url":"https:\/\/a1.com\/de\/energie-aus-erneuerbaren-quellen-a1-kroatien\/","name":"Energie aus erneuerbaren Quellen @ A1 Kroatien - A1 Group","isPartOf":{"@id":"https:\/\/a1.com\/#website"},"primaryImageOfPage":{"@id":"https:\/\/a1.com\/de\/energie-aus-erneuerbaren-quellen-a1-kroatien\/#primaryimage"},"image":{"@id":"https:\/\/a1.com\/de\/energie-aus-erneuerbaren-quellen-a1-kroatien\/#primaryimage"},"thumbnailUrl":"https:\/\/a1.com\/wp-content\/uploads\/sites\/6\/2023\/04\/WVF00830_crop.jpeg","datePublished":"2023-04-12T11:42:25+00:00","dateModified":"2024-01-29T07:54:28+00:00","author":{"@id":"https:\/\/a1.com\/#\/schema\/person\/e485e71f7cba8079a7165b813d6b165f"},"breadcrumb":{"@id":"https:\/\/a1.com\/de\/energie-aus-erneuerbaren-quellen-a1-kroatien\/#breadcrumb"},"inLanguage":"de-DE","potentialAction":[{"@type":"ReadAction","target":["https:\/\/a1.com\/de\/energie-aus-erneuerbaren-quellen-a1-kroatien\/"]}]},{"@type":"ImageObject","inLanguage":"de-DE","@id":"https:\/\/a1.com\/de\/energie-aus-erneuerbaren-quellen-a1-kroatien\/#primaryimage","url":"https:\/\/a1.com\/wp-content\/uploads\/sites\/6\/2023\/04\/WVF00830_crop.jpeg","contentUrl":"https:\/\/a1.com\/wp-content\/uploads\/sites\/6\/2023\/04\/WVF00830_crop.jpeg","width":1800,"height":901,"caption":"Back view of woman jumping with arms outstretched on country road in the evening"},{"@type":"BreadcrumbList","@id":"https:\/\/a1.com\/de\/energie-aus-erneuerbaren-quellen-a1-kroatien\/#breadcrumb","itemListElement":[{"@type":"ListItem","position":1,"name":"Home","item":"https:\/\/a1.com\/de\/"},{"@type":"ListItem","position":2,"name":"Energie aus erneuerbaren Quellen @ A1 Kroatien"}]},{"@type":"WebSite","@id":"https:\/\/a1.com\/#website","url":"https:\/\/a1.com\/","name":"A1 Group","description":"","potentialAction":[{"@type":"SearchAction","target":{"@type":"EntryPoint","urlTemplate":"https:\/\/a1.com\/?s={search_term_string}"},"query-input":{"@type":"PropertyValueSpecification","valueRequired":true,"valueName":"search_term_string"}}],"inLanguage":"de-DE"},{"@type":"Person","@id":"https:\/\/a1.com\/#\/schema\/person\/e485e71f7cba8079a7165b813d6b165f","name":"brunostoefs","image":{"@type":"ImageObject","inLanguage":"de-DE","@id":"https:\/\/secure.gravatar.com\/avatar\/b75e7d64b57523075b44921c8efb0e72146828d55a41504f5f3c36ce0044cff0?s=96&d=mm&r=g","url":"https:\/\/secure.gravatar.com\/avatar\/b75e7d64b57523075b44921c8efb0e72146828d55a41504f5f3c36ce0044cff0?s=96&d=mm&r=g","contentUrl":"https:\/\/secure.gravatar.com\/avatar\/b75e7d64b57523075b44921c8efb0e72146828d55a41504f5f3c36ce0044cff0?s=96&d=mm&r=g","caption":"brunostoefs"},"sameAs":["https:\/\/bruno@engrd.at"]}]}},"_links":{"self":[{"href":"https:\/\/a1.com\/de\/wp-json\/wp\/v2\/posts\/3412","targetHints":{"allow":["GET"]}}],"collection":[{"href":"https:\/\/a1.com\/de\/wp-json\/wp\/v2\/posts"}],"about":[{"href":"https:\/\/a1.com\/de\/wp-json\/wp\/v2\/types\/post"}],"author":[{"embeddable":true,"href":"https:\/\/a1.com\/de\/wp-json\/wp\/v2\/users\/3"}],"replies":[{"embeddable":true,"href":"https:\/\/a1.com\/de\/wp-json\/wp\/v2\/comments?post=3412"}],"version-history":[{"count":2,"href":"https:\/\/a1.com\/de\/wp-json\/wp\/v2\/posts\/3412\/revisions"}],"predecessor-version":[{"id":3416,"href":"https:\/\/a1.com\/de\/wp-json\/wp\/v2\/posts\/3412\/revisions\/3416"}],"wp:featuredmedia":[{"embeddable":true,"href":"https:\/\/a1.com\/de\/wp-json\/wp\/v2\/media\/3413"}],"wp:attachment":[{"href":"https:\/\/a1.com\/de\/wp-json\/wp\/v2\/media?parent=3412"}],"wp:term":[{"taxonomy":"category","embeddable":true,"href":"https:\/\/a1.com\/de\/wp-json\/wp\/v2\/categories?post=3412"},{"taxonomy":"post_tag","embeddable":true,"href":"https:\/\/a1.com\/de\/wp-json\/wp\/v2\/tags?post=3412"},{"taxonomy":"department","embeddable":true,"href":"https:\/\/a1.com\/de\/wp-json\/wp\/v2\/departments?post=3412"}],"curies":[{"name":"wp","href":"https:\/\/api.w.org\/{rel}","templated":true}]}}