{"id":3399,"date":"2023-04-12T12:37:29","date_gmt":"2023-04-12T11:37:29","guid":{"rendered":"https:\/\/a1.com\/?p=3399"},"modified":"2024-01-29T08:55:26","modified_gmt":"2024-01-29T07:55:26","slug":"connectlife-der-podcast-von-a1","status":"publish","type":"post","link":"https:\/\/a1.com\/de\/connectlife-der-podcast-von-a1\/","title":{"rendered":"ConnectLife der Podcast von A1"},"content":{"rendered":"\n<div class=\"block-hero-image block-hero-image__size--large\">\n\t<div class=\"image-wrap block-hero-image__image-wrap\" data-align=\"center center\">\n\n\t\t\t<div\n\t\t\tstyle=\"background-image:url(https:\/\/esg.a1.group\/wp-content\/uploads\/sites\/3\/2022\/07\/ConnectLife_der-Podcast-von-A1_1260x560_final-1.jpeg)\"\n\t\t\tclass=\"image image--bg image__rounded-corners--none block-hero-image__image\">\n\t\t<\/div>\n\t\n\t<\/div><\/div>\n\n\n<div\n\tclass=\"wrapper wrapper__bg-color--white  wrapper__spacing-bottom-large--40       wrapper__border-color-large--primary wrapper__border-size-large--none\"\n\t>\n\n\t\n\t\t\t<div class=\"wrapper__container wrapper__container-width-large--default wrapper__gutter-desktop--default wrapper__gutter-tablet--small\">\n\t\t\t<div class=\"wrapper__inner wrapper__width-large--8 wrapper__offset-large--2\">\n\t\t\t\t<div class='block-breadcrumbs'><a href='https:\/\/a1.com\/de\/' class='block-breadcrumbs__home' aria-label='Home link'><\/a><span><a class=\"block-breadcrumbs__link\" href=\" https:\/\/a1.com\/de\/ \">Home<\/a><\/span><\/div>\t\t\t<\/div>\n\t\t<\/div>\n\t<\/div>\n\n\n<div\n\tclass=\"wrapper wrapper__bg-color--white wrapper__spacing-top-large--60 wrapper__spacing-bottom-large--40       wrapper__border-color-large--primary wrapper__border-size-large--none\"\n\t>\n\n\t\n\t\t\t<div class=\"wrapper__container wrapper__container-width-large--default wrapper__gutter-desktop--default wrapper__gutter-tablet--small\">\n\t\t\t<div class=\"wrapper__inner wrapper__width-large--9 wrapper__offset-large--2\">\n\t\t\t\t<h2 class=\"heading heading__color--black heading__size--default heading__align--left heading__font-family--serif heading__font-weight--bold block-heading__heading\">\n\t<strong>Digitalisierung &amp; Klimaschutz<\/strong><\/h2>\t\t\t<\/div>\n\t\t<\/div>\n\t<\/div>\n\n\n<div\n\tclass=\"wrapper wrapper__bg-color--white  wrapper__spacing-bottom-large--40       wrapper__border-color-large--primary wrapper__border-size-large--none\"\n\t>\n\n\t\n\t\t\t<div class=\"wrapper__container wrapper__container-width-large--default wrapper__gutter-desktop--default wrapper__gutter-tablet--small\">\n\t\t\t<div class=\"wrapper__inner wrapper__width-large--8 wrapper__offset-large--2\">\n\t\t\t\t<p class=\"paragraph paragraph__color--black paragraph__size--default paragraph__align--left paragraph__font-family--sans block-paragraph__paragraph\">\n\tIn der neuesten Folge des <strong>A1 Podcast #ConnectLife<\/strong> sprechen <strong>Marcus Wadsak<\/strong>, ORF-Chefmeteorologe, Klimaexperte und Buchautor sowie <strong>Raffaela Ortner<\/strong> Head of Group ESG Strategy \u00fcber die wichtigsten Fakten des Klimawandels und welchen Beitrag A1 f\u00fcr den Klimaschutz leistet.<br><br>H\u00f6ren Sie rein und holen Sie sich Tipps wie jeder von uns zum\/r KlimaheldIn werden kann.<\/p>\t\t\t<\/div>\n\t\t<\/div>\n\t<\/div>\n\n\n<div\n\tclass=\"wrapper wrapper__bg-color--white  wrapper__spacing-bottom-large--100       wrapper__border-color-large--primary wrapper__border-size-large--none\"\n\t>\n\n\t\n\t\t\t<div class=\"wrapper__container wrapper__container-width-large--default wrapper__gutter-desktop--default wrapper__gutter-tablet--small\">\n\t\t\t<div class=\"wrapper__inner wrapper__width-large--8 wrapper__offset-large--2\">\n\t\t\t\t<div class=\"btn-wrap btn-wrap__align--left block-button__btn-wrap\">\n\t\t\t<a\n\t\t\thref=\"https:\/\/www.a1.net\/connectlife\/pd\/podcast\/\"\n\t\t\tclass=\"btn btn__color--primary btn__size--default btn__size-width--default btn__icon-position--left btn__font-family--sans  block-button__btn\"\n\t\t\tid=\"\"\n\t\t\ttitle=\"Zum Podcast\"\n\t\t\taria-label=\"\"\n\t\t\t\t\t>\n\t\t\t\t\t\tZum Podcast\t\t<\/a>\n\t<\/div>\t\t\t<\/div>\n\t\t<\/div>\n\t<\/div>\n","protected":false},"excerpt":{"rendered":"<p>Die neueste Folge des A1 Podcasts diesmal zum Thema Digitalisierung und Klimaschutz.<\/p>\n","protected":false},"author":3,"featured_media":3400,"comment_status":"closed","ping_status":"closed","sticky":false,"template":"","format":"standard","meta":{"_acf_changed":false,"footnotes":""},"categories":[22,23],"tags":[],"departments":[19],"class_list":["post-3399","post","type-post","status-publish","format-standard","has-post-thumbnail","hentry","category-soziales","category-umwelt","department-esg"],"acf":[],"yoast_head":"<!-- This site is optimized with the Yoast SEO plugin v27.4 - https:\/\/yoast.com\/product\/yoast-seo-wordpress\/ -->\n<title>ConnectLife der Podcast von A1 - A1 Group<\/title>\n<meta name=\"robots\" content=\"index, follow, max-snippet:-1, max-image-preview:large, max-video-preview:-1\" \/>\n<link rel=\"canonical\" href=\"https:\/\/a1.com\/de\/connectlife-der-podcast-von-a1\/\" \/>\n<meta property=\"og:locale\" content=\"de_DE\" \/>\n<meta property=\"og:type\" content=\"article\" \/>\n<meta property=\"og:title\" content=\"ConnectLife der Podcast von A1 - A1 Group\" \/>\n<meta property=\"og:description\" content=\"Die neueste Folge des A1 Podcasts diesmal zum Thema Digitalisierung und Klimaschutz.\" \/>\n<meta property=\"og:url\" content=\"https:\/\/a1.com\/de\/connectlife-der-podcast-von-a1\/\" \/>\n<meta property=\"og:site_name\" content=\"A1 Group\" \/>\n<meta property=\"article:published_time\" content=\"2023-04-12T11:37:29+00:00\" \/>\n<meta property=\"article:modified_time\" content=\"2024-01-29T07:55:26+00:00\" \/>\n<meta property=\"og:image\" content=\"https:\/\/a1.com\/wp-content\/uploads\/sites\/6\/2023\/04\/ConnectLife_der-Podcast-von-A1_1260x560_final-1.jpeg\" \/>\n\t<meta property=\"og:image:width\" content=\"1260\" \/>\n\t<meta property=\"og:image:height\" content=\"560\" \/>\n\t<meta property=\"og:image:type\" content=\"image\/jpeg\" \/>\n<meta name=\"author\" content=\"brunostoefs\" \/>\n<meta name=\"twitter:card\" content=\"summary_large_image\" \/>\n<meta name=\"twitter:label1\" content=\"Written by\" \/>\n\t<meta name=\"twitter:data1\" content=\"brunostoefs\" \/>\n\t<meta name=\"twitter:label2\" content=\"Est. reading time\" \/>\n\t<meta name=\"twitter:data2\" content=\"1 minute\" \/>\n<script type=\"application\/ld+json\" class=\"yoast-schema-graph\">{\"@context\":\"https:\\\/\\\/schema.org\",\"@graph\":[{\"@type\":\"Article\",\"@id\":\"https:\\\/\\\/a1.com\\\/de\\\/connectlife-der-podcast-von-a1\\\/#article\",\"isPartOf\":{\"@id\":\"https:\\\/\\\/a1.com\\\/de\\\/connectlife-der-podcast-von-a1\\\/\"},\"author\":{\"name\":\"brunostoefs\",\"@id\":\"https:\\\/\\\/a1.com\\\/#\\\/schema\\\/person\\\/e485e71f7cba8079a7165b813d6b165f\"},\"headline\":\"ConnectLife der Podcast von A1\",\"datePublished\":\"2023-04-12T11:37:29+00:00\",\"dateModified\":\"2024-01-29T07:55:26+00:00\",\"mainEntityOfPage\":{\"@id\":\"https:\\\/\\\/a1.com\\\/de\\\/connectlife-der-podcast-von-a1\\\/\"},\"wordCount\":5,\"image\":{\"@id\":\"https:\\\/\\\/a1.com\\\/de\\\/connectlife-der-podcast-von-a1\\\/#primaryimage\"},\"thumbnailUrl\":\"https:\\\/\\\/a1.com\\\/wp-content\\\/uploads\\\/sites\\\/6\\\/2023\\\/04\\\/ConnectLife_der-Podcast-von-A1_1260x560_final-1.jpeg\",\"articleSection\":[\"Soziales\",\"Umwelt\"],\"inLanguage\":\"de-DE\"},{\"@type\":\"WebPage\",\"@id\":\"https:\\\/\\\/a1.com\\\/de\\\/connectlife-der-podcast-von-a1\\\/\",\"url\":\"https:\\\/\\\/a1.com\\\/de\\\/connectlife-der-podcast-von-a1\\\/\",\"name\":\"ConnectLife der Podcast von A1 - A1 Group\",\"isPartOf\":{\"@id\":\"https:\\\/\\\/a1.com\\\/#website\"},\"primaryImageOfPage\":{\"@id\":\"https:\\\/\\\/a1.com\\\/de\\\/connectlife-der-podcast-von-a1\\\/#primaryimage\"},\"image\":{\"@id\":\"https:\\\/\\\/a1.com\\\/de\\\/connectlife-der-podcast-von-a1\\\/#primaryimage\"},\"thumbnailUrl\":\"https:\\\/\\\/a1.com\\\/wp-content\\\/uploads\\\/sites\\\/6\\\/2023\\\/04\\\/ConnectLife_der-Podcast-von-A1_1260x560_final-1.jpeg\",\"datePublished\":\"2023-04-12T11:37:29+00:00\",\"dateModified\":\"2024-01-29T07:55:26+00:00\",\"author\":{\"@id\":\"https:\\\/\\\/a1.com\\\/#\\\/schema\\\/person\\\/e485e71f7cba8079a7165b813d6b165f\"},\"breadcrumb\":{\"@id\":\"https:\\\/\\\/a1.com\\\/de\\\/connectlife-der-podcast-von-a1\\\/#breadcrumb\"},\"inLanguage\":\"de-DE\",\"potentialAction\":[{\"@type\":\"ReadAction\",\"target\":[\"https:\\\/\\\/a1.com\\\/de\\\/connectlife-der-podcast-von-a1\\\/\"]}]},{\"@type\":\"ImageObject\",\"inLanguage\":\"de-DE\",\"@id\":\"https:\\\/\\\/a1.com\\\/de\\\/connectlife-der-podcast-von-a1\\\/#primaryimage\",\"url\":\"https:\\\/\\\/a1.com\\\/wp-content\\\/uploads\\\/sites\\\/6\\\/2023\\\/04\\\/ConnectLife_der-Podcast-von-A1_1260x560_final-1.jpeg\",\"contentUrl\":\"https:\\\/\\\/a1.com\\\/wp-content\\\/uploads\\\/sites\\\/6\\\/2023\\\/04\\\/ConnectLife_der-Podcast-von-A1_1260x560_final-1.jpeg\",\"width\":1260,\"height\":560},{\"@type\":\"BreadcrumbList\",\"@id\":\"https:\\\/\\\/a1.com\\\/de\\\/connectlife-der-podcast-von-a1\\\/#breadcrumb\",\"itemListElement\":[{\"@type\":\"ListItem\",\"position\":1,\"name\":\"Home\",\"item\":\"https:\\\/\\\/a1.com\\\/de\\\/\"},{\"@type\":\"ListItem\",\"position\":2,\"name\":\"ConnectLife der Podcast von A1\"}]},{\"@type\":\"WebSite\",\"@id\":\"https:\\\/\\\/a1.com\\\/#website\",\"url\":\"https:\\\/\\\/a1.com\\\/\",\"name\":\"A1 Group\",\"description\":\"\",\"potentialAction\":[{\"@type\":\"SearchAction\",\"target\":{\"@type\":\"EntryPoint\",\"urlTemplate\":\"https:\\\/\\\/a1.com\\\/?s={search_term_string}\"},\"query-input\":{\"@type\":\"PropertyValueSpecification\",\"valueRequired\":true,\"valueName\":\"search_term_string\"}}],\"inLanguage\":\"de-DE\"},{\"@type\":\"Person\",\"@id\":\"https:\\\/\\\/a1.com\\\/#\\\/schema\\\/person\\\/e485e71f7cba8079a7165b813d6b165f\",\"name\":\"brunostoefs\",\"image\":{\"@type\":\"ImageObject\",\"inLanguage\":\"de-DE\",\"@id\":\"https:\\\/\\\/secure.gravatar.com\\\/avatar\\\/b75e7d64b57523075b44921c8efb0e72146828d55a41504f5f3c36ce0044cff0?s=96&d=mm&r=g\",\"url\":\"https:\\\/\\\/secure.gravatar.com\\\/avatar\\\/b75e7d64b57523075b44921c8efb0e72146828d55a41504f5f3c36ce0044cff0?s=96&d=mm&r=g\",\"contentUrl\":\"https:\\\/\\\/secure.gravatar.com\\\/avatar\\\/b75e7d64b57523075b44921c8efb0e72146828d55a41504f5f3c36ce0044cff0?s=96&d=mm&r=g\",\"caption\":\"brunostoefs\"},\"sameAs\":[\"https:\\\/\\\/bruno@engrd.at\"]}]}<\/script>\n<!-- \/ Yoast SEO plugin. -->","yoast_head_json":{"title":"ConnectLife der Podcast von A1 - A1 Group","robots":{"index":"index","follow":"follow","max-snippet":"max-snippet:-1","max-image-preview":"max-image-preview:large","max-video-preview":"max-video-preview:-1"},"canonical":"https:\/\/a1.com\/de\/connectlife-der-podcast-von-a1\/","og_locale":"de_DE","og_type":"article","og_title":"ConnectLife der Podcast von A1 - A1 Group","og_description":"Die neueste Folge des A1 Podcasts diesmal zum Thema Digitalisierung und Klimaschutz.","og_url":"https:\/\/a1.com\/de\/connectlife-der-podcast-von-a1\/","og_site_name":"A1 Group","article_published_time":"2023-04-12T11:37:29+00:00","article_modified_time":"2024-01-29T07:55:26+00:00","og_image":[{"width":1260,"height":560,"url":"https:\/\/a1.com\/wp-content\/uploads\/sites\/6\/2023\/04\/ConnectLife_der-Podcast-von-A1_1260x560_final-1.jpeg","type":"image\/jpeg"}],"author":"brunostoefs","twitter_card":"summary_large_image","twitter_misc":{"Written by":"brunostoefs","Est. reading time":"1 minute"},"schema":{"@context":"https:\/\/schema.org","@graph":[{"@type":"Article","@id":"https:\/\/a1.com\/de\/connectlife-der-podcast-von-a1\/#article","isPartOf":{"@id":"https:\/\/a1.com\/de\/connectlife-der-podcast-von-a1\/"},"author":{"name":"brunostoefs","@id":"https:\/\/a1.com\/#\/schema\/person\/e485e71f7cba8079a7165b813d6b165f"},"headline":"ConnectLife der Podcast von A1","datePublished":"2023-04-12T11:37:29+00:00","dateModified":"2024-01-29T07:55:26+00:00","mainEntityOfPage":{"@id":"https:\/\/a1.com\/de\/connectlife-der-podcast-von-a1\/"},"wordCount":5,"image":{"@id":"https:\/\/a1.com\/de\/connectlife-der-podcast-von-a1\/#primaryimage"},"thumbnailUrl":"https:\/\/a1.com\/wp-content\/uploads\/sites\/6\/2023\/04\/ConnectLife_der-Podcast-von-A1_1260x560_final-1.jpeg","articleSection":["Soziales","Umwelt"],"inLanguage":"de-DE"},{"@type":"WebPage","@id":"https:\/\/a1.com\/de\/connectlife-der-podcast-von-a1\/","url":"https:\/\/a1.com\/de\/connectlife-der-podcast-von-a1\/","name":"ConnectLife der Podcast von A1 - A1 Group","isPartOf":{"@id":"https:\/\/a1.com\/#website"},"primaryImageOfPage":{"@id":"https:\/\/a1.com\/de\/connectlife-der-podcast-von-a1\/#primaryimage"},"image":{"@id":"https:\/\/a1.com\/de\/connectlife-der-podcast-von-a1\/#primaryimage"},"thumbnailUrl":"https:\/\/a1.com\/wp-content\/uploads\/sites\/6\/2023\/04\/ConnectLife_der-Podcast-von-A1_1260x560_final-1.jpeg","datePublished":"2023-04-12T11:37:29+00:00","dateModified":"2024-01-29T07:55:26+00:00","author":{"@id":"https:\/\/a1.com\/#\/schema\/person\/e485e71f7cba8079a7165b813d6b165f"},"breadcrumb":{"@id":"https:\/\/a1.com\/de\/connectlife-der-podcast-von-a1\/#breadcrumb"},"inLanguage":"de-DE","potentialAction":[{"@type":"ReadAction","target":["https:\/\/a1.com\/de\/connectlife-der-podcast-von-a1\/"]}]},{"@type":"ImageObject","inLanguage":"de-DE","@id":"https:\/\/a1.com\/de\/connectlife-der-podcast-von-a1\/#primaryimage","url":"https:\/\/a1.com\/wp-content\/uploads\/sites\/6\/2023\/04\/ConnectLife_der-Podcast-von-A1_1260x560_final-1.jpeg","contentUrl":"https:\/\/a1.com\/wp-content\/uploads\/sites\/6\/2023\/04\/ConnectLife_der-Podcast-von-A1_1260x560_final-1.jpeg","width":1260,"height":560},{"@type":"BreadcrumbList","@id":"https:\/\/a1.com\/de\/connectlife-der-podcast-von-a1\/#breadcrumb","itemListElement":[{"@type":"ListItem","position":1,"name":"Home","item":"https:\/\/a1.com\/de\/"},{"@type":"ListItem","position":2,"name":"ConnectLife der Podcast von A1"}]},{"@type":"WebSite","@id":"https:\/\/a1.com\/#website","url":"https:\/\/a1.com\/","name":"A1 Group","description":"","potentialAction":[{"@type":"SearchAction","target":{"@type":"EntryPoint","urlTemplate":"https:\/\/a1.com\/?s={search_term_string}"},"query-input":{"@type":"PropertyValueSpecification","valueRequired":true,"valueName":"search_term_string"}}],"inLanguage":"de-DE"},{"@type":"Person","@id":"https:\/\/a1.com\/#\/schema\/person\/e485e71f7cba8079a7165b813d6b165f","name":"brunostoefs","image":{"@type":"ImageObject","inLanguage":"de-DE","@id":"https:\/\/secure.gravatar.com\/avatar\/b75e7d64b57523075b44921c8efb0e72146828d55a41504f5f3c36ce0044cff0?s=96&d=mm&r=g","url":"https:\/\/secure.gravatar.com\/avatar\/b75e7d64b57523075b44921c8efb0e72146828d55a41504f5f3c36ce0044cff0?s=96&d=mm&r=g","contentUrl":"https:\/\/secure.gravatar.com\/avatar\/b75e7d64b57523075b44921c8efb0e72146828d55a41504f5f3c36ce0044cff0?s=96&d=mm&r=g","caption":"brunostoefs"},"sameAs":["https:\/\/bruno@engrd.at"]}]}},"_links":{"self":[{"href":"https:\/\/a1.com\/de\/wp-json\/wp\/v2\/posts\/3399","targetHints":{"allow":["GET"]}}],"collection":[{"href":"https:\/\/a1.com\/de\/wp-json\/wp\/v2\/posts"}],"about":[{"href":"https:\/\/a1.com\/de\/wp-json\/wp\/v2\/types\/post"}],"author":[{"embeddable":true,"href":"https:\/\/a1.com\/de\/wp-json\/wp\/v2\/users\/3"}],"replies":[{"embeddable":true,"href":"https:\/\/a1.com\/de\/wp-json\/wp\/v2\/comments?post=3399"}],"version-history":[{"count":2,"href":"https:\/\/a1.com\/de\/wp-json\/wp\/v2\/posts\/3399\/revisions"}],"predecessor-version":[{"id":3403,"href":"https:\/\/a1.com\/de\/wp-json\/wp\/v2\/posts\/3399\/revisions\/3403"}],"wp:featuredmedia":[{"embeddable":true,"href":"https:\/\/a1.com\/de\/wp-json\/wp\/v2\/media\/3400"}],"wp:attachment":[{"href":"https:\/\/a1.com\/de\/wp-json\/wp\/v2\/media?parent=3399"}],"wp:term":[{"taxonomy":"category","embeddable":true,"href":"https:\/\/a1.com\/de\/wp-json\/wp\/v2\/categories?post=3399"},{"taxonomy":"post_tag","embeddable":true,"href":"https:\/\/a1.com\/de\/wp-json\/wp\/v2\/tags?post=3399"},{"taxonomy":"department","embeddable":true,"href":"https:\/\/a1.com\/de\/wp-json\/wp\/v2\/departments?post=3399"}],"curies":[{"name":"wp","href":"https:\/\/api.w.org\/{rel}","templated":true}]}}