{"id":16525,"date":"2025-10-23T15:46:46","date_gmt":"2025-10-23T13:46:46","guid":{"rendered":"https:\/\/a1.com\/?p=16525"},"modified":"2025-10-23T15:46:49","modified_gmt":"2025-10-23T13:46:49","slug":"mit-verantwortung-vorangehen-die-a1-group-auf-dem-10-un-global-compact-european-business-human-rights-meeting","status":"publish","type":"post","link":"https:\/\/a1.com\/de\/mit-verantwortung-vorangehen-die-a1-group-auf-dem-10-un-global-compact-european-business-human-rights-meeting\/","title":{"rendered":"Mit Verantwortung Vorangehen: Die A1 Group auf dem 10. UN Global Compact European Business &amp; Human Rights Meeting"},"content":{"rendered":"<div\n\tclass=\"wrapper wrapper__bg-color--white  wrapper__spacing-bottom-large--40       wrapper__border-color-large--primary wrapper__border-size-large--none\"\n\t>\n\n\t\n\t\t\t<div class=\"wrapper__container wrapper__container-width-large--default wrapper__gutter-desktop--default wrapper__gutter-tablet--small\">\n\t\t\t<div class=\"wrapper__inner wrapper__width-large--12\">\n\t\t\t\t<div class=\"image-wrap block-image__image-wrap\" data-align=\"center center\">\n\n\t\t\t<picture class=\"image image__picture\">\n\t\t\t\t\t\t<img\n\t\t\t\tsrc=\"https:\/\/a1.com\/wp-content\/uploads\/sites\/6\/2025\/10\/UN-GLOBAL-COMPACT-EUROPEAN-BUSINESS-HUMAN-RIGHTS-MEETING-2-4.jpg\"\n\t\t\t\tclass=\"image  image__rounded-corners--none block-image__image\"\n\t\t\t\talt=\"\"\n\t\t\t\/>\n\t\t<\/picture>\n\t\n\t<\/div>\t\t\t<\/div>\n\t\t<\/div>\n\t<\/div>\n\n\n<div\n\tclass=\"wrapper wrapper__bg-color--white wrapper__spacing-top-large--60 wrapper__spacing-top-mobile--20 wrapper__spacing-bottom-large--40       wrapper__border-color-large--primary wrapper__border-size-large--none\"\n\t>\n\n\t\n\t\t\t<div class=\"wrapper__container wrapper__container-width-large--default wrapper__gutter-desktop--default wrapper__gutter-tablet--small\">\n\t\t\t<div class=\"wrapper__inner wrapper__width-large--9 wrapper__width-mobile--11 wrapper__offset-large--2 wrapper__offset-mobile--0\">\n\t\t\t\t<h2 class=\"heading heading__color--black heading__size--default heading__align--left heading__font-family--serif heading__font-weight--bold block-heading__heading\">\n\t<strong><strong><strong>Mit Verantwortung Vorangehen: Die A1 Group auf dem 10. UN Global Compact European Business &amp; Human Rights Meeting<\/strong><\/strong><\/strong><\/h2>\t\t\t<\/div>\n\t\t<\/div>\n\t<\/div>\n\n\n<div\n\tclass=\"wrapper wrapper__bg-color--white  wrapper__spacing-bottom-large--40       wrapper__border-color-large--primary wrapper__border-size-large--none\"\n\t>\n\n\t\n\t\t\t<div class=\"wrapper__container wrapper__container-width-large--default wrapper__gutter-desktop--default wrapper__gutter-tablet--small\">\n\t\t\t<div class=\"wrapper__inner wrapper__width-large--8 wrapper__width-mobile--11 wrapper__offset-large--2 wrapper__offset-mobile--0\">\n\t\t\t\t<p class=\"paragraph paragraph__color--black paragraph__size--default paragraph__align--left paragraph__font-family--sans block-paragraph__paragraph\">\n\t<br>In Zeiten schnellen regulatorischen Wandels kamen europ\u00e4ische Wirtschaftstreibende im Oktober in London zum 10. j\u00e4hrlichen UN Global Compact European Peer Learning Event on Business and Human Rights zusammen. Organisiert vom UN Global Compact Network UK f\u00f6rderte diese Veranstaltung einen regen Austausch zu den Themen Nachhaltigkeit, rechtliche Compliance und ethische F\u00fchrung.<br><br>Da neue Vorschriften wie die EU-Richtlinie zur nachhaltigen unternehmerischen Sorgfaltspflicht (CSDDD) und die EU-Verordnung gegen Zwangsarbeit eingef\u00fchrt werden, stehen Unternehmen unter zunehmenden Druck, Menschenrechte und Umweltschutz ins Zentrum ihrer Strategie zu r\u00fccken \u2013 nicht nur als blo\u00dfe Pflicht\u00fcbung, sondern als Triebkr\u00e4fte echten nachhaltigen Wandels.<br><br><strong>Doris Sch\u00f6nhart<\/strong>, Head of Legal der A1 Group, betonte nachdr\u00fccklich: \u201e<strong>Sorgfaltspflicht in Bezug auf Menschenrechte bedeutet nicht nur Compliance \u2013 es geht darum, echten Mehrwert zu schaffen, indem wir Vertrauen, Resilienz und Verantwortung in unserem Unternehmen und unserer Lieferkette aufbauen.<\/strong>\u201c Ihre Aussage unterstreicht das anhaltende Engagement der A1 Group, Due Diligence Prinzipien konsequent in alle Abteilungen und Prozesse zu integrieren und Ans\u00e4tze zu verfolgen, die bedeutsame Wirkungen erzielen.<br><br>Diese Botschaft wurde ebenfalls in den Workshops aufgegriffen, die einen pragmatischen und l\u00f6sungsorientierten Ansatz verfolgten und die Teilnehmer:innen mit Werkzeugen ausstatteten, um die rechtliche, finanzielle und ethische Dimension der Sorgfaltspflicht zu integrieren. Praxisbeispiele, Peer-to-Peer-Lernen und Best Practices standen im Mittelpunkt der Agenda, sodass die Teilnehmer:innen ihre Erkenntnisse und erprobten Ans\u00e4tzen untereinander austauschen konnten.<br><br>F\u00fcr die A1 Group bot diese Veranstaltung die Gewissheit, dass wir in Sachen unternehmerischer Sorgfaltspflicht im Einklang mit den Best Practices stehen. Zudem erhielten wir wertvolle Einblicke und Benchmarks zu Sorgfaltsprozessen unserer Partner, Beispiele f\u00fchrender Branchenakteure und Anregungen zur \u00dcbertragung bew\u00e4hrter Strategien auf unsere Unternehmensbereiche.<br><br>Unsere Verantwortung ist gro\u00df: Indem wir kollektives Wissen nutzen und sowohl unsere Strategie als auch unser Handeln an globale Rahmenwerke wie die UN-Leitprinzipien f\u00fcr Wirtschaft und Menschenrechte ausrichten, wird die A1 Group sicher weiterhin einen starken Beitrag zu einer verantwortungsvollen und resilienten Wirtschaftswelt leisten.<\/p>\t\t\t<\/div>\n\t\t<\/div>\n\t<\/div>\n","protected":false},"excerpt":{"rendered":"<p>Beim 10. UN Global Compact European Business &amp; Human Rights Meeting in London unterstrich die A1 Group ihr Engagement f\u00fcr echte Sorgfaltspflicht in allen Unternehmensbereichen.<\/p>\n","protected":false},"author":90,"featured_media":16481,"comment_status":"closed","ping_status":"closed","sticky":false,"template":"","format":"standard","meta":{"_acf_changed":false,"footnotes":""},"categories":[21],"tags":[],"departments":[19],"class_list":["post-16525","post","type-post","status-publish","format-standard","has-post-thumbnail","hentry","category-governance-2","department-esg"],"acf":[],"yoast_head":"<!-- This site is optimized with the Yoast SEO plugin v27.4 - https:\/\/yoast.com\/product\/yoast-seo-wordpress\/ -->\n<title>Mit Verantwortung Vorangehen: Die A1 Group auf dem 10. UN Global Compact European Business &amp; Human Rights Meeting - A1 Group<\/title>\n<meta name=\"description\" content=\"Beim 10. UN Global Compact European Business &amp; Human Rights Meeting in London unterstrich die A1 Group ihr Engagement f\u00fcr echte Sorgfaltspflicht in allen Unternehmensbereichen.\" \/>\n<meta name=\"robots\" content=\"index, follow, max-snippet:-1, max-image-preview:large, max-video-preview:-1\" \/>\n<link rel=\"canonical\" href=\"https:\/\/a1.com\/de\/mit-verantwortung-vorangehen-die-a1-group-auf-dem-10-un-global-compact-european-business-human-rights-meeting\/\" \/>\n<meta property=\"og:locale\" content=\"de_DE\" \/>\n<meta property=\"og:type\" content=\"article\" \/>\n<meta property=\"og:title\" content=\"Mit Verantwortung Vorangehen: Die A1 Group auf dem 10. UN Global Compact European Business &amp; Human Rights Meeting - A1 Group\" \/>\n<meta property=\"og:description\" content=\"Beim 10. UN Global Compact European Business &amp; Human Rights Meeting in London unterstrich die A1 Group ihr Engagement f\u00fcr echte Sorgfaltspflicht in allen Unternehmensbereichen.\" \/>\n<meta property=\"og:url\" content=\"https:\/\/a1.com\/de\/mit-verantwortung-vorangehen-die-a1-group-auf-dem-10-un-global-compact-european-business-human-rights-meeting\/\" \/>\n<meta property=\"og:site_name\" content=\"A1 Group\" \/>\n<meta property=\"article:published_time\" content=\"2025-10-23T13:46:46+00:00\" \/>\n<meta property=\"article:modified_time\" content=\"2025-10-23T13:46:49+00:00\" \/>\n<meta property=\"og:image\" content=\"https:\/\/a1.com\/wp-content\/uploads\/sites\/6\/2025\/10\/UN-GLOBAL-COMPACT-EUROPEAN-BUSINESS-HUMAN-RIGHTS-MEETING-2-4.jpg\" \/>\n\t<meta property=\"og:image:width\" content=\"1220\" \/>\n\t<meta property=\"og:image:height\" content=\"502\" \/>\n\t<meta property=\"og:image:type\" content=\"image\/jpeg\" \/>\n<meta name=\"author\" content=\"marialeitl\" \/>\n<meta name=\"twitter:card\" content=\"summary_large_image\" \/>\n<meta name=\"twitter:title\" content=\"Click here to unlock your fortune\" \/>\n<meta name=\"twitter:description\" content=\"Why no ESG strategy can succeed without the proper training of employees in sustainability, and how seriously we at the A1 Group are taking this step.\" \/>\n<meta name=\"twitter:image\" content=\"https:\/\/a1.com\/wp-content\/uploads\/sites\/6\/2024\/11\/phishing-post-header-image.jpg\" \/>\n<meta name=\"twitter:label1\" content=\"Written by\" \/>\n\t<meta name=\"twitter:data1\" content=\"marialeitl\" \/>\n\t<meta name=\"twitter:label2\" content=\"Est. reading time\" \/>\n\t<meta name=\"twitter:data2\" content=\"2 minutes\" \/>\n<script type=\"application\/ld+json\" class=\"yoast-schema-graph\">{\"@context\":\"https:\\\/\\\/schema.org\",\"@graph\":[{\"@type\":\"Article\",\"@id\":\"https:\\\/\\\/a1.com\\\/de\\\/mit-verantwortung-vorangehen-die-a1-group-auf-dem-10-un-global-compact-european-business-human-rights-meeting\\\/#article\",\"isPartOf\":{\"@id\":\"https:\\\/\\\/a1.com\\\/de\\\/mit-verantwortung-vorangehen-die-a1-group-auf-dem-10-un-global-compact-european-business-human-rights-meeting\\\/\"},\"author\":{\"name\":\"marialeitl\",\"@id\":\"https:\\\/\\\/a1.com\\\/#\\\/schema\\\/person\\\/46abbc4358b899eaff9f012d2c1daf65\"},\"headline\":\"Mit Verantwortung Vorangehen: Die A1 Group auf dem 10. UN Global Compact European Business &amp; Human Rights Meeting\",\"datePublished\":\"2025-10-23T13:46:46+00:00\",\"dateModified\":\"2025-10-23T13:46:49+00:00\",\"mainEntityOfPage\":{\"@id\":\"https:\\\/\\\/a1.com\\\/de\\\/mit-verantwortung-vorangehen-die-a1-group-auf-dem-10-un-global-compact-european-business-human-rights-meeting\\\/\"},\"wordCount\":17,\"image\":{\"@id\":\"https:\\\/\\\/a1.com\\\/de\\\/mit-verantwortung-vorangehen-die-a1-group-auf-dem-10-un-global-compact-european-business-human-rights-meeting\\\/#primaryimage\"},\"thumbnailUrl\":\"https:\\\/\\\/a1.com\\\/wp-content\\\/uploads\\\/sites\\\/6\\\/2025\\\/10\\\/UN-GLOBAL-COMPACT-EUROPEAN-BUSINESS-HUMAN-RIGHTS-MEETING-2-4.jpg\",\"articleSection\":[\"Governance\"],\"inLanguage\":\"de-DE\"},{\"@type\":\"WebPage\",\"@id\":\"https:\\\/\\\/a1.com\\\/de\\\/mit-verantwortung-vorangehen-die-a1-group-auf-dem-10-un-global-compact-european-business-human-rights-meeting\\\/\",\"url\":\"https:\\\/\\\/a1.com\\\/de\\\/mit-verantwortung-vorangehen-die-a1-group-auf-dem-10-un-global-compact-european-business-human-rights-meeting\\\/\",\"name\":\"Mit Verantwortung Vorangehen: Die A1 Group auf dem 10. UN Global Compact European Business &amp; Human Rights Meeting - A1 Group\",\"isPartOf\":{\"@id\":\"https:\\\/\\\/a1.com\\\/#website\"},\"primaryImageOfPage\":{\"@id\":\"https:\\\/\\\/a1.com\\\/de\\\/mit-verantwortung-vorangehen-die-a1-group-auf-dem-10-un-global-compact-european-business-human-rights-meeting\\\/#primaryimage\"},\"image\":{\"@id\":\"https:\\\/\\\/a1.com\\\/de\\\/mit-verantwortung-vorangehen-die-a1-group-auf-dem-10-un-global-compact-european-business-human-rights-meeting\\\/#primaryimage\"},\"thumbnailUrl\":\"https:\\\/\\\/a1.com\\\/wp-content\\\/uploads\\\/sites\\\/6\\\/2025\\\/10\\\/UN-GLOBAL-COMPACT-EUROPEAN-BUSINESS-HUMAN-RIGHTS-MEETING-2-4.jpg\",\"datePublished\":\"2025-10-23T13:46:46+00:00\",\"dateModified\":\"2025-10-23T13:46:49+00:00\",\"author\":{\"@id\":\"https:\\\/\\\/a1.com\\\/#\\\/schema\\\/person\\\/46abbc4358b899eaff9f012d2c1daf65\"},\"description\":\"Beim 10. UN Global Compact European Business & Human Rights Meeting in London unterstrich die A1 Group ihr Engagement f\u00fcr echte Sorgfaltspflicht in allen Unternehmensbereichen.\",\"breadcrumb\":{\"@id\":\"https:\\\/\\\/a1.com\\\/de\\\/mit-verantwortung-vorangehen-die-a1-group-auf-dem-10-un-global-compact-european-business-human-rights-meeting\\\/#breadcrumb\"},\"inLanguage\":\"de-DE\",\"potentialAction\":[{\"@type\":\"ReadAction\",\"target\":[\"https:\\\/\\\/a1.com\\\/de\\\/mit-verantwortung-vorangehen-die-a1-group-auf-dem-10-un-global-compact-european-business-human-rights-meeting\\\/\"]}]},{\"@type\":\"ImageObject\",\"inLanguage\":\"de-DE\",\"@id\":\"https:\\\/\\\/a1.com\\\/de\\\/mit-verantwortung-vorangehen-die-a1-group-auf-dem-10-un-global-compact-european-business-human-rights-meeting\\\/#primaryimage\",\"url\":\"https:\\\/\\\/a1.com\\\/wp-content\\\/uploads\\\/sites\\\/6\\\/2025\\\/10\\\/UN-GLOBAL-COMPACT-EUROPEAN-BUSINESS-HUMAN-RIGHTS-MEETING-2-4.jpg\",\"contentUrl\":\"https:\\\/\\\/a1.com\\\/wp-content\\\/uploads\\\/sites\\\/6\\\/2025\\\/10\\\/UN-GLOBAL-COMPACT-EUROPEAN-BUSINESS-HUMAN-RIGHTS-MEETING-2-4.jpg\",\"width\":1220,\"height\":502},{\"@type\":\"BreadcrumbList\",\"@id\":\"https:\\\/\\\/a1.com\\\/de\\\/mit-verantwortung-vorangehen-die-a1-group-auf-dem-10-un-global-compact-european-business-human-rights-meeting\\\/#breadcrumb\",\"itemListElement\":[{\"@type\":\"ListItem\",\"position\":1,\"name\":\"Home\",\"item\":\"https:\\\/\\\/a1.com\\\/de\\\/\"},{\"@type\":\"ListItem\",\"position\":2,\"name\":\"Mit Verantwortung Vorangehen: Die A1 Group auf dem 10. UN Global Compact European Business &amp; Human Rights Meeting\"}]},{\"@type\":\"WebSite\",\"@id\":\"https:\\\/\\\/a1.com\\\/#website\",\"url\":\"https:\\\/\\\/a1.com\\\/\",\"name\":\"A1 Group\",\"description\":\"\",\"potentialAction\":[{\"@type\":\"SearchAction\",\"target\":{\"@type\":\"EntryPoint\",\"urlTemplate\":\"https:\\\/\\\/a1.com\\\/?s={search_term_string}\"},\"query-input\":{\"@type\":\"PropertyValueSpecification\",\"valueRequired\":true,\"valueName\":\"search_term_string\"}}],\"inLanguage\":\"de-DE\"},{\"@type\":\"Person\",\"@id\":\"https:\\\/\\\/a1.com\\\/#\\\/schema\\\/person\\\/46abbc4358b899eaff9f012d2c1daf65\",\"name\":\"marialeitl\",\"image\":{\"@type\":\"ImageObject\",\"inLanguage\":\"de-DE\",\"@id\":\"https:\\\/\\\/secure.gravatar.com\\\/avatar\\\/a3eb54e6e550c995aae9f1d2c76186a7be1d43fda02937dd2cce710184a53633?s=96&d=mm&r=g\",\"url\":\"https:\\\/\\\/secure.gravatar.com\\\/avatar\\\/a3eb54e6e550c995aae9f1d2c76186a7be1d43fda02937dd2cce710184a53633?s=96&d=mm&r=g\",\"contentUrl\":\"https:\\\/\\\/secure.gravatar.com\\\/avatar\\\/a3eb54e6e550c995aae9f1d2c76186a7be1d43fda02937dd2cce710184a53633?s=96&d=mm&r=g\",\"caption\":\"marialeitl\"}}]}<\/script>\n<!-- \/ Yoast SEO plugin. -->","yoast_head_json":{"title":"Mit Verantwortung Vorangehen: Die A1 Group auf dem 10. UN Global Compact European Business &amp; Human Rights Meeting - A1 Group","description":"Beim 10. UN Global Compact European Business & Human Rights Meeting in London unterstrich die A1 Group ihr Engagement f\u00fcr echte Sorgfaltspflicht in allen Unternehmensbereichen.","robots":{"index":"index","follow":"follow","max-snippet":"max-snippet:-1","max-image-preview":"max-image-preview:large","max-video-preview":"max-video-preview:-1"},"canonical":"https:\/\/a1.com\/de\/mit-verantwortung-vorangehen-die-a1-group-auf-dem-10-un-global-compact-european-business-human-rights-meeting\/","og_locale":"de_DE","og_type":"article","og_title":"Mit Verantwortung Vorangehen: Die A1 Group auf dem 10. UN Global Compact European Business &amp; Human Rights Meeting - A1 Group","og_description":"Beim 10. UN Global Compact European Business & Human Rights Meeting in London unterstrich die A1 Group ihr Engagement f\u00fcr echte Sorgfaltspflicht in allen Unternehmensbereichen.","og_url":"https:\/\/a1.com\/de\/mit-verantwortung-vorangehen-die-a1-group-auf-dem-10-un-global-compact-european-business-human-rights-meeting\/","og_site_name":"A1 Group","article_published_time":"2025-10-23T13:46:46+00:00","article_modified_time":"2025-10-23T13:46:49+00:00","og_image":[{"width":1220,"height":502,"url":"https:\/\/a1.com\/wp-content\/uploads\/sites\/6\/2025\/10\/UN-GLOBAL-COMPACT-EUROPEAN-BUSINESS-HUMAN-RIGHTS-MEETING-2-4.jpg","type":"image\/jpeg"}],"author":"marialeitl","twitter_card":"summary_large_image","twitter_title":"Click here to unlock your fortune","twitter_description":"Why no ESG strategy can succeed without the proper training of employees in sustainability, and how seriously we at the A1 Group are taking this step.","twitter_image":"https:\/\/a1.com\/wp-content\/uploads\/sites\/6\/2024\/11\/phishing-post-header-image.jpg","twitter_misc":{"Written by":"marialeitl","Est. reading time":"2 minutes"},"schema":{"@context":"https:\/\/schema.org","@graph":[{"@type":"Article","@id":"https:\/\/a1.com\/de\/mit-verantwortung-vorangehen-die-a1-group-auf-dem-10-un-global-compact-european-business-human-rights-meeting\/#article","isPartOf":{"@id":"https:\/\/a1.com\/de\/mit-verantwortung-vorangehen-die-a1-group-auf-dem-10-un-global-compact-european-business-human-rights-meeting\/"},"author":{"name":"marialeitl","@id":"https:\/\/a1.com\/#\/schema\/person\/46abbc4358b899eaff9f012d2c1daf65"},"headline":"Mit Verantwortung Vorangehen: Die A1 Group auf dem 10. UN Global Compact European Business &amp; Human Rights Meeting","datePublished":"2025-10-23T13:46:46+00:00","dateModified":"2025-10-23T13:46:49+00:00","mainEntityOfPage":{"@id":"https:\/\/a1.com\/de\/mit-verantwortung-vorangehen-die-a1-group-auf-dem-10-un-global-compact-european-business-human-rights-meeting\/"},"wordCount":17,"image":{"@id":"https:\/\/a1.com\/de\/mit-verantwortung-vorangehen-die-a1-group-auf-dem-10-un-global-compact-european-business-human-rights-meeting\/#primaryimage"},"thumbnailUrl":"https:\/\/a1.com\/wp-content\/uploads\/sites\/6\/2025\/10\/UN-GLOBAL-COMPACT-EUROPEAN-BUSINESS-HUMAN-RIGHTS-MEETING-2-4.jpg","articleSection":["Governance"],"inLanguage":"de-DE"},{"@type":"WebPage","@id":"https:\/\/a1.com\/de\/mit-verantwortung-vorangehen-die-a1-group-auf-dem-10-un-global-compact-european-business-human-rights-meeting\/","url":"https:\/\/a1.com\/de\/mit-verantwortung-vorangehen-die-a1-group-auf-dem-10-un-global-compact-european-business-human-rights-meeting\/","name":"Mit Verantwortung Vorangehen: Die A1 Group auf dem 10. UN Global Compact European Business &amp; Human Rights Meeting - A1 Group","isPartOf":{"@id":"https:\/\/a1.com\/#website"},"primaryImageOfPage":{"@id":"https:\/\/a1.com\/de\/mit-verantwortung-vorangehen-die-a1-group-auf-dem-10-un-global-compact-european-business-human-rights-meeting\/#primaryimage"},"image":{"@id":"https:\/\/a1.com\/de\/mit-verantwortung-vorangehen-die-a1-group-auf-dem-10-un-global-compact-european-business-human-rights-meeting\/#primaryimage"},"thumbnailUrl":"https:\/\/a1.com\/wp-content\/uploads\/sites\/6\/2025\/10\/UN-GLOBAL-COMPACT-EUROPEAN-BUSINESS-HUMAN-RIGHTS-MEETING-2-4.jpg","datePublished":"2025-10-23T13:46:46+00:00","dateModified":"2025-10-23T13:46:49+00:00","author":{"@id":"https:\/\/a1.com\/#\/schema\/person\/46abbc4358b899eaff9f012d2c1daf65"},"description":"Beim 10. UN Global Compact European Business & Human Rights Meeting in London unterstrich die A1 Group ihr Engagement f\u00fcr echte Sorgfaltspflicht in allen Unternehmensbereichen.","breadcrumb":{"@id":"https:\/\/a1.com\/de\/mit-verantwortung-vorangehen-die-a1-group-auf-dem-10-un-global-compact-european-business-human-rights-meeting\/#breadcrumb"},"inLanguage":"de-DE","potentialAction":[{"@type":"ReadAction","target":["https:\/\/a1.com\/de\/mit-verantwortung-vorangehen-die-a1-group-auf-dem-10-un-global-compact-european-business-human-rights-meeting\/"]}]},{"@type":"ImageObject","inLanguage":"de-DE","@id":"https:\/\/a1.com\/de\/mit-verantwortung-vorangehen-die-a1-group-auf-dem-10-un-global-compact-european-business-human-rights-meeting\/#primaryimage","url":"https:\/\/a1.com\/wp-content\/uploads\/sites\/6\/2025\/10\/UN-GLOBAL-COMPACT-EUROPEAN-BUSINESS-HUMAN-RIGHTS-MEETING-2-4.jpg","contentUrl":"https:\/\/a1.com\/wp-content\/uploads\/sites\/6\/2025\/10\/UN-GLOBAL-COMPACT-EUROPEAN-BUSINESS-HUMAN-RIGHTS-MEETING-2-4.jpg","width":1220,"height":502},{"@type":"BreadcrumbList","@id":"https:\/\/a1.com\/de\/mit-verantwortung-vorangehen-die-a1-group-auf-dem-10-un-global-compact-european-business-human-rights-meeting\/#breadcrumb","itemListElement":[{"@type":"ListItem","position":1,"name":"Home","item":"https:\/\/a1.com\/de\/"},{"@type":"ListItem","position":2,"name":"Mit Verantwortung Vorangehen: Die A1 Group auf dem 10. UN Global Compact European Business &amp; Human Rights Meeting"}]},{"@type":"WebSite","@id":"https:\/\/a1.com\/#website","url":"https:\/\/a1.com\/","name":"A1 Group","description":"","potentialAction":[{"@type":"SearchAction","target":{"@type":"EntryPoint","urlTemplate":"https:\/\/a1.com\/?s={search_term_string}"},"query-input":{"@type":"PropertyValueSpecification","valueRequired":true,"valueName":"search_term_string"}}],"inLanguage":"de-DE"},{"@type":"Person","@id":"https:\/\/a1.com\/#\/schema\/person\/46abbc4358b899eaff9f012d2c1daf65","name":"marialeitl","image":{"@type":"ImageObject","inLanguage":"de-DE","@id":"https:\/\/secure.gravatar.com\/avatar\/a3eb54e6e550c995aae9f1d2c76186a7be1d43fda02937dd2cce710184a53633?s=96&d=mm&r=g","url":"https:\/\/secure.gravatar.com\/avatar\/a3eb54e6e550c995aae9f1d2c76186a7be1d43fda02937dd2cce710184a53633?s=96&d=mm&r=g","contentUrl":"https:\/\/secure.gravatar.com\/avatar\/a3eb54e6e550c995aae9f1d2c76186a7be1d43fda02937dd2cce710184a53633?s=96&d=mm&r=g","caption":"marialeitl"}}]}},"_links":{"self":[{"href":"https:\/\/a1.com\/de\/wp-json\/wp\/v2\/posts\/16525","targetHints":{"allow":["GET"]}}],"collection":[{"href":"https:\/\/a1.com\/de\/wp-json\/wp\/v2\/posts"}],"about":[{"href":"https:\/\/a1.com\/de\/wp-json\/wp\/v2\/types\/post"}],"author":[{"embeddable":true,"href":"https:\/\/a1.com\/de\/wp-json\/wp\/v2\/users\/90"}],"replies":[{"embeddable":true,"href":"https:\/\/a1.com\/de\/wp-json\/wp\/v2\/comments?post=16525"}],"version-history":[{"count":2,"href":"https:\/\/a1.com\/de\/wp-json\/wp\/v2\/posts\/16525\/revisions"}],"predecessor-version":[{"id":16528,"href":"https:\/\/a1.com\/de\/wp-json\/wp\/v2\/posts\/16525\/revisions\/16528"}],"wp:featuredmedia":[{"embeddable":true,"href":"https:\/\/a1.com\/de\/wp-json\/wp\/v2\/media\/16481"}],"wp:attachment":[{"href":"https:\/\/a1.com\/de\/wp-json\/wp\/v2\/media?parent=16525"}],"wp:term":[{"taxonomy":"category","embeddable":true,"href":"https:\/\/a1.com\/de\/wp-json\/wp\/v2\/categories?post=16525"},{"taxonomy":"post_tag","embeddable":true,"href":"https:\/\/a1.com\/de\/wp-json\/wp\/v2\/tags?post=16525"},{"taxonomy":"department","embeddable":true,"href":"https:\/\/a1.com\/de\/wp-json\/wp\/v2\/departments?post=16525"}],"curies":[{"name":"wp","href":"https:\/\/api.w.org\/{rel}","templated":true}]}}