{"id":16402,"date":"2025-10-14T12:16:06","date_gmt":"2025-10-14T10:16:06","guid":{"rendered":"https:\/\/a1.com\/?p=16402"},"modified":"2025-10-14T12:16:07","modified_gmt":"2025-10-14T10:16:07","slug":"zusammenarbeit-fuer-esg-fortschritt-in-ikt-lieferketten-einblicke-von-der-jac-general-assembly-2025","status":"publish","type":"post","link":"https:\/\/a1.com\/de\/zusammenarbeit-fuer-esg-fortschritt-in-ikt-lieferketten-einblicke-von-der-jac-general-assembly-2025\/","title":{"rendered":"Zusammenarbeit f\u00fcr ESG-Fortschritt in IKT-Lieferketten: Einblicke von der JAC General Assembly 2025"},"content":{"rendered":"<div\n\tclass=\"wrapper wrapper__bg-color--white  wrapper__spacing-bottom-large--40       wrapper__border-color-large--primary wrapper__border-size-large--none\"\n\t>\n\n\t\n\t\t\t<div class=\"wrapper__container wrapper__container-width-large--default wrapper__gutter-desktop--default wrapper__gutter-tablet--small\">\n\t\t\t<div class=\"wrapper__inner wrapper__width-large--12\">\n\t\t\t\t<div class=\"image-wrap block-image__image-wrap\" data-align=\"center center\">\n\n\t\t\t<picture class=\"image image__picture\">\n\t\t\t\t\t\t<img\n\t\t\t\tsrc=\"https:\/\/a1.com\/wp-content\/uploads\/sites\/6\/2025\/10\/IMG_3187-scaled.jpeg\"\n\t\t\t\tclass=\"image  image__rounded-corners--none block-image__image\"\n\t\t\t\talt=\"\"\n\t\t\t\/>\n\t\t<\/picture>\n\t\n\t<\/div>\t\t\t<\/div>\n\t\t<\/div>\n\t<\/div>\n\n\n<div\n\tclass=\"wrapper wrapper__bg-color--white wrapper__spacing-top-large--60 wrapper__spacing-top-mobile--20 wrapper__spacing-bottom-large--40       wrapper__border-color-large--primary wrapper__border-size-large--none\"\n\t>\n\n\t\n\t\t\t<div class=\"wrapper__container wrapper__container-width-large--default wrapper__gutter-desktop--default wrapper__gutter-tablet--small\">\n\t\t\t<div class=\"wrapper__inner wrapper__width-large--9 wrapper__width-mobile--11 wrapper__offset-large--2 wrapper__offset-mobile--0\">\n\t\t\t\t<h2 class=\"heading heading__color--black heading__size--default heading__align--left heading__font-family--serif heading__font-weight--bold block-heading__heading\">\n\t<strong><strong>Zusammenarbeit f\u00fcr ESG-Fortschritt in IKT-Lieferketten: Einblicke von der JAC General Assembly 2025<\/strong><\/strong><\/h2>\t\t\t<\/div>\n\t\t<\/div>\n\t<\/div>\n\n\n<div\n\tclass=\"wrapper wrapper__bg-color--white  wrapper__spacing-bottom-large--40       wrapper__border-color-large--primary wrapper__border-size-large--none\"\n\t>\n\n\t\n\t\t\t<div class=\"wrapper__container wrapper__container-width-large--default wrapper__gutter-desktop--default wrapper__gutter-tablet--small\">\n\t\t\t<div class=\"wrapper__inner wrapper__width-large--8 wrapper__width-mobile--11 wrapper__offset-large--2 wrapper__offset-mobile--0\">\n\t\t\t\t<p class=\"paragraph paragraph__color--black paragraph__size--default paragraph__align--left paragraph__font-family--sans block-paragraph__paragraph\">\n\tIm Oktober hatte die A1 Group die Ehre, die Generalversammlung 2025 der JAC auszurichten. JAC (Joint Alliance for CSR) vereint 31 globale Telekommunikationsanbieter, die sich f\u00fcr die F\u00f6rderung von Nachhaltigkeit, Transparenz, Menschenrechten und Sorgfaltspflichten entlang der gesamten IKT-Lieferkette einsetzen. Weitere Informationen zur Arbeit von JAC finden Sie unter: <a href=\"https:\/\/jointallianceforcsr.org\/\">Joint Alliance for CSR<\/a><br><br>Die diesj\u00e4hrige Versammlung konzentrierte sich darauf, CSR-Strategien voranzutreiben, indem Ressourcen und Best Practices geteilt und der Dialog zu wesentlichen Nachhaltigkeitsthemen gef\u00f6rdert wurden. Diese Themen betreffen ESG, Risiko, Einkauf und Recht und unterstreichen die Notwendigkeit enger Zusammenarbeit und Synergien zwischen den Disziplinen, um verantwortungsvollere und widerstandsf\u00e4higere Lieferketten aufzubauen.<br><br>Die Mischung aus Breakout-Sessions, Arbeitsgruppen und lebhaften offenen Diskussionen sorgte f\u00fcr eine dynamische Atmosph\u00e4re und erm\u00f6glichte praxisnahe L\u00f6sungsfindung. Der Schwerpunkt lag darauf, wie unsere Branche \u00fcber reine Compliance hinausgehen und gemeinsam echte Transformationen f\u00fcr nachhaltigere Lieferketten erreichen kann.<br><br>Die JAC-Arbeitsgruppen diskutierten die Entwicklung praktischer L\u00f6sungen wie z. B. eines Circularity Scorecards, Due-Diligence-Strategien und rechtlicher Klauseln in Einkaufsvertr\u00e4gen, um die nachhaltige Transformation entlang der Lieferketten zu f\u00f6rdern und CO\u2082-Emissionen zu reduzieren. Zudem beleuchteten die Expert:innen gemeinschaftlich Themen wie K\u00fcnstliche Intelligenz, Energieverbrauch in Rechenzentren und die wichtige Rolle von Emissions-Hotspot-Daten, um neuen Herausforderungen vorausschauend zu begegnen. Dar\u00fcber hinaus wurde auf der Versammlung die Bedeutung enger Partnerschaften und eines kontinuierlichen Dialogs mit Lieferanten hervorgehoben. Dies f\u00f6rdert eine sinnvolle Einbindung auch von Unterlieferanten, um versteckte Risiken in der Lieferkette zu adressieren und \u00fcber reine Tier-1-Audits hinauszugehen. Verantwortungsbewusster Einkauf und aktive Lieferantenbeteiligung tragen ma\u00dfgeblich dazu bei, Menschenrechte und Arbeitsstandards in der gesamten Branche zu verbessern.<br><br>JAC ist ein eindrucksvolles Beispiel daf\u00fcr, wie Partnerschaft und Zusammenarbeit echten Fortschritt bei zentralen Nachhaltigkeitsherausforderungen in der Telekommunikationslieferkette bewirken k\u00f6nnen. Durch die Angleichung von Methoden und den Austausch zu Best Practices stellen die JAC-Mitglieder sicher, dass Fortschritte kollektiv und messbar sind \u2013 ein entscheidender Faktor angesichts der steigenden Erwartungen von ESG-Ratingagenturen, Investoren und Regulierungsbeh\u00f6rden.<br><br>\u201ePartnerschaften wie JAC sind entscheidend, um wirkliche Wirkung zu erzielen und unsere Lieferketten zu transformieren. Durch das B\u00fcndeln von Fachwissen und das Angleichen von Standards beschleunigen wir Ver\u00e4nderungen im gesamten IKT-\u00d6kosystem\u201c, sagt <strong>Jana Kovandzic-Pataky<\/strong>, ESG-Expertin der A1 Group f\u00fcr nachhaltige Lieferketten, die k\u00fcrzlich in den <strong>JAC Board of Directors<\/strong> berufen wurde.<br><br>Die A1 Group bleibt ihrem Engagement f\u00fcr verantwortungsvolles Sourcing und ESG-Exzellenz \u00fcber alle Gesch\u00e4ftsbereiche und das Lieferantennetzwerk hinweg treu. Gemeinsam mit unseren JAC-Partnern gestalten wir das n\u00e4chste Kapitel f\u00fcr nachhaltige Konnektivit\u00e4t.<\/p>\t\t\t<\/div>\n\t\t<\/div>\n\t<\/div>\n","protected":false},"excerpt":{"rendered":"<p>A1 Group hostet die JAC-Generalversammlung 2025. Im Fokus: Nachhaltigkeit, ESG und verantwortungsvolle Lieferketten in der Telekommunikationsbranche. <\/p>\n","protected":false},"author":90,"featured_media":16395,"comment_status":"closed","ping_status":"closed","sticky":false,"template":"","format":"standard","meta":{"_acf_changed":false,"footnotes":""},"categories":[21],"tags":[],"departments":[19],"class_list":["post-16402","post","type-post","status-publish","format-standard","has-post-thumbnail","hentry","category-governance-2","department-esg"],"acf":[],"yoast_head":"<!-- This site is optimized with the Yoast SEO plugin v27.4 - https:\/\/yoast.com\/product\/yoast-seo-wordpress\/ -->\n<title>Zusammenarbeit f\u00fcr ESG-Fortschritt in IKT-Lieferketten: Einblicke von der JAC General Assembly 2025 - A1 Group<\/title>\n<meta name=\"description\" content=\"A1 Group hostet die JAC-Generalversammlung 2025. Im Fokus: Nachhaltigkeit, ESG und verantwortungsvolle Lieferketten in der Telekommunikationsbranche.\" \/>\n<meta name=\"robots\" content=\"index, follow, max-snippet:-1, max-image-preview:large, max-video-preview:-1\" \/>\n<link rel=\"canonical\" href=\"https:\/\/a1.com\/de\/zusammenarbeit-fuer-esg-fortschritt-in-ikt-lieferketten-einblicke-von-der-jac-general-assembly-2025\/\" \/>\n<meta property=\"og:locale\" content=\"de_DE\" \/>\n<meta property=\"og:type\" content=\"article\" \/>\n<meta property=\"og:title\" content=\"Click here to unlock your fortune\" \/>\n<meta property=\"og:description\" content=\"Why no ESG strategy can succeed without the proper training of employees in sustainability, and how seriously we at the A1 Group are taking this step.\" \/>\n<meta property=\"og:url\" content=\"https:\/\/a1.com\/de\/zusammenarbeit-fuer-esg-fortschritt-in-ikt-lieferketten-einblicke-von-der-jac-general-assembly-2025\/\" \/>\n<meta property=\"og:site_name\" content=\"A1 Group\" \/>\n<meta property=\"article:published_time\" content=\"2025-10-14T10:16:06+00:00\" \/>\n<meta property=\"article:modified_time\" content=\"2025-10-14T10:16:07+00:00\" \/>\n<meta property=\"og:image\" content=\"https:\/\/a1.com\/wp-content\/uploads\/sites\/6\/2024\/11\/phishing-post-header-image.jpg\" \/>\n\t<meta property=\"og:image:width\" content=\"1253\" \/>\n\t<meta property=\"og:image:height\" content=\"836\" \/>\n\t<meta property=\"og:image:type\" content=\"image\/jpeg\" \/>\n<meta name=\"author\" content=\"marialeitl\" \/>\n<meta name=\"twitter:card\" content=\"summary_large_image\" \/>\n<meta name=\"twitter:title\" content=\"Click here to unlock your fortune\" \/>\n<meta name=\"twitter:description\" content=\"Why no ESG strategy can succeed without the proper training of employees in sustainability, and how seriously we at the A1 Group are taking this step.\" \/>\n<meta name=\"twitter:image\" content=\"https:\/\/a1.com\/wp-content\/uploads\/sites\/6\/2024\/11\/phishing-post-header-image.jpg\" \/>\n<meta name=\"twitter:label1\" content=\"Written by\" \/>\n\t<meta name=\"twitter:data1\" content=\"marialeitl\" \/>\n\t<meta name=\"twitter:label2\" content=\"Est. reading time\" \/>\n\t<meta name=\"twitter:data2\" content=\"3 minutes\" \/>\n<script type=\"application\/ld+json\" class=\"yoast-schema-graph\">{\"@context\":\"https:\\\/\\\/schema.org\",\"@graph\":[{\"@type\":\"Article\",\"@id\":\"https:\\\/\\\/a1.com\\\/de\\\/zusammenarbeit-fuer-esg-fortschritt-in-ikt-lieferketten-einblicke-von-der-jac-general-assembly-2025\\\/#article\",\"isPartOf\":{\"@id\":\"https:\\\/\\\/a1.com\\\/de\\\/zusammenarbeit-fuer-esg-fortschritt-in-ikt-lieferketten-einblicke-von-der-jac-general-assembly-2025\\\/\"},\"author\":{\"name\":\"marialeitl\",\"@id\":\"https:\\\/\\\/a1.com\\\/#\\\/schema\\\/person\\\/46abbc4358b899eaff9f012d2c1daf65\"},\"headline\":\"Zusammenarbeit f\u00fcr ESG-Fortschritt in IKT-Lieferketten: Einblicke von der JAC General Assembly 2025\",\"datePublished\":\"2025-10-14T10:16:06+00:00\",\"dateModified\":\"2025-10-14T10:16:07+00:00\",\"mainEntityOfPage\":{\"@id\":\"https:\\\/\\\/a1.com\\\/de\\\/zusammenarbeit-fuer-esg-fortschritt-in-ikt-lieferketten-einblicke-von-der-jac-general-assembly-2025\\\/\"},\"wordCount\":12,\"image\":{\"@id\":\"https:\\\/\\\/a1.com\\\/de\\\/zusammenarbeit-fuer-esg-fortschritt-in-ikt-lieferketten-einblicke-von-der-jac-general-assembly-2025\\\/#primaryimage\"},\"thumbnailUrl\":\"https:\\\/\\\/a1.com\\\/wp-content\\\/uploads\\\/sites\\\/6\\\/2025\\\/10\\\/IMG_3187-scaled.jpeg\",\"articleSection\":[\"Governance\"],\"inLanguage\":\"de-DE\"},{\"@type\":\"WebPage\",\"@id\":\"https:\\\/\\\/a1.com\\\/de\\\/zusammenarbeit-fuer-esg-fortschritt-in-ikt-lieferketten-einblicke-von-der-jac-general-assembly-2025\\\/\",\"url\":\"https:\\\/\\\/a1.com\\\/de\\\/zusammenarbeit-fuer-esg-fortschritt-in-ikt-lieferketten-einblicke-von-der-jac-general-assembly-2025\\\/\",\"name\":\"Zusammenarbeit f\u00fcr ESG-Fortschritt in IKT-Lieferketten: Einblicke von der JAC General Assembly 2025 - A1 Group\",\"isPartOf\":{\"@id\":\"https:\\\/\\\/a1.com\\\/#website\"},\"primaryImageOfPage\":{\"@id\":\"https:\\\/\\\/a1.com\\\/de\\\/zusammenarbeit-fuer-esg-fortschritt-in-ikt-lieferketten-einblicke-von-der-jac-general-assembly-2025\\\/#primaryimage\"},\"image\":{\"@id\":\"https:\\\/\\\/a1.com\\\/de\\\/zusammenarbeit-fuer-esg-fortschritt-in-ikt-lieferketten-einblicke-von-der-jac-general-assembly-2025\\\/#primaryimage\"},\"thumbnailUrl\":\"https:\\\/\\\/a1.com\\\/wp-content\\\/uploads\\\/sites\\\/6\\\/2025\\\/10\\\/IMG_3187-scaled.jpeg\",\"datePublished\":\"2025-10-14T10:16:06+00:00\",\"dateModified\":\"2025-10-14T10:16:07+00:00\",\"author\":{\"@id\":\"https:\\\/\\\/a1.com\\\/#\\\/schema\\\/person\\\/46abbc4358b899eaff9f012d2c1daf65\"},\"description\":\"A1 Group hostet die JAC-Generalversammlung 2025. Im Fokus: Nachhaltigkeit, ESG und verantwortungsvolle Lieferketten in der Telekommunikationsbranche.\",\"breadcrumb\":{\"@id\":\"https:\\\/\\\/a1.com\\\/de\\\/zusammenarbeit-fuer-esg-fortschritt-in-ikt-lieferketten-einblicke-von-der-jac-general-assembly-2025\\\/#breadcrumb\"},\"inLanguage\":\"de-DE\",\"potentialAction\":[{\"@type\":\"ReadAction\",\"target\":[\"https:\\\/\\\/a1.com\\\/de\\\/zusammenarbeit-fuer-esg-fortschritt-in-ikt-lieferketten-einblicke-von-der-jac-general-assembly-2025\\\/\"]}]},{\"@type\":\"ImageObject\",\"inLanguage\":\"de-DE\",\"@id\":\"https:\\\/\\\/a1.com\\\/de\\\/zusammenarbeit-fuer-esg-fortschritt-in-ikt-lieferketten-einblicke-von-der-jac-general-assembly-2025\\\/#primaryimage\",\"url\":\"https:\\\/\\\/a1.com\\\/wp-content\\\/uploads\\\/sites\\\/6\\\/2025\\\/10\\\/IMG_3187-scaled.jpeg\",\"contentUrl\":\"https:\\\/\\\/a1.com\\\/wp-content\\\/uploads\\\/sites\\\/6\\\/2025\\\/10\\\/IMG_3187-scaled.jpeg\",\"width\":2560,\"height\":664},{\"@type\":\"BreadcrumbList\",\"@id\":\"https:\\\/\\\/a1.com\\\/de\\\/zusammenarbeit-fuer-esg-fortschritt-in-ikt-lieferketten-einblicke-von-der-jac-general-assembly-2025\\\/#breadcrumb\",\"itemListElement\":[{\"@type\":\"ListItem\",\"position\":1,\"name\":\"Home\",\"item\":\"https:\\\/\\\/a1.com\\\/de\\\/\"},{\"@type\":\"ListItem\",\"position\":2,\"name\":\"Zusammenarbeit f\u00fcr ESG-Fortschritt in IKT-Lieferketten: Einblicke von der JAC General Assembly 2025\"}]},{\"@type\":\"WebSite\",\"@id\":\"https:\\\/\\\/a1.com\\\/#website\",\"url\":\"https:\\\/\\\/a1.com\\\/\",\"name\":\"A1 Group\",\"description\":\"\",\"potentialAction\":[{\"@type\":\"SearchAction\",\"target\":{\"@type\":\"EntryPoint\",\"urlTemplate\":\"https:\\\/\\\/a1.com\\\/?s={search_term_string}\"},\"query-input\":{\"@type\":\"PropertyValueSpecification\",\"valueRequired\":true,\"valueName\":\"search_term_string\"}}],\"inLanguage\":\"de-DE\"},{\"@type\":\"Person\",\"@id\":\"https:\\\/\\\/a1.com\\\/#\\\/schema\\\/person\\\/46abbc4358b899eaff9f012d2c1daf65\",\"name\":\"marialeitl\",\"image\":{\"@type\":\"ImageObject\",\"inLanguage\":\"de-DE\",\"@id\":\"https:\\\/\\\/secure.gravatar.com\\\/avatar\\\/a3eb54e6e550c995aae9f1d2c76186a7be1d43fda02937dd2cce710184a53633?s=96&d=mm&r=g\",\"url\":\"https:\\\/\\\/secure.gravatar.com\\\/avatar\\\/a3eb54e6e550c995aae9f1d2c76186a7be1d43fda02937dd2cce710184a53633?s=96&d=mm&r=g\",\"contentUrl\":\"https:\\\/\\\/secure.gravatar.com\\\/avatar\\\/a3eb54e6e550c995aae9f1d2c76186a7be1d43fda02937dd2cce710184a53633?s=96&d=mm&r=g\",\"caption\":\"marialeitl\"}}]}<\/script>\n<!-- \/ Yoast SEO plugin. -->","yoast_head_json":{"title":"Zusammenarbeit f\u00fcr ESG-Fortschritt in IKT-Lieferketten: Einblicke von der JAC General Assembly 2025 - A1 Group","description":"A1 Group hostet die JAC-Generalversammlung 2025. Im Fokus: Nachhaltigkeit, ESG und verantwortungsvolle Lieferketten in der Telekommunikationsbranche.","robots":{"index":"index","follow":"follow","max-snippet":"max-snippet:-1","max-image-preview":"max-image-preview:large","max-video-preview":"max-video-preview:-1"},"canonical":"https:\/\/a1.com\/de\/zusammenarbeit-fuer-esg-fortschritt-in-ikt-lieferketten-einblicke-von-der-jac-general-assembly-2025\/","og_locale":"de_DE","og_type":"article","og_title":"Click here to unlock your fortune","og_description":"Why no ESG strategy can succeed without the proper training of employees in sustainability, and how seriously we at the A1 Group are taking this step.","og_url":"https:\/\/a1.com\/de\/zusammenarbeit-fuer-esg-fortschritt-in-ikt-lieferketten-einblicke-von-der-jac-general-assembly-2025\/","og_site_name":"A1 Group","article_published_time":"2025-10-14T10:16:06+00:00","article_modified_time":"2025-10-14T10:16:07+00:00","og_image":[{"width":1253,"height":836,"url":"https:\/\/a1.com\/wp-content\/uploads\/sites\/6\/2024\/11\/phishing-post-header-image.jpg","type":"image\/jpeg"}],"author":"marialeitl","twitter_card":"summary_large_image","twitter_title":"Click here to unlock your fortune","twitter_description":"Why no ESG strategy can succeed without the proper training of employees in sustainability, and how seriously we at the A1 Group are taking this step.","twitter_image":"https:\/\/a1.com\/wp-content\/uploads\/sites\/6\/2024\/11\/phishing-post-header-image.jpg","twitter_misc":{"Written by":"marialeitl","Est. reading time":"3 minutes"},"schema":{"@context":"https:\/\/schema.org","@graph":[{"@type":"Article","@id":"https:\/\/a1.com\/de\/zusammenarbeit-fuer-esg-fortschritt-in-ikt-lieferketten-einblicke-von-der-jac-general-assembly-2025\/#article","isPartOf":{"@id":"https:\/\/a1.com\/de\/zusammenarbeit-fuer-esg-fortschritt-in-ikt-lieferketten-einblicke-von-der-jac-general-assembly-2025\/"},"author":{"name":"marialeitl","@id":"https:\/\/a1.com\/#\/schema\/person\/46abbc4358b899eaff9f012d2c1daf65"},"headline":"Zusammenarbeit f\u00fcr ESG-Fortschritt in IKT-Lieferketten: Einblicke von der JAC General Assembly 2025","datePublished":"2025-10-14T10:16:06+00:00","dateModified":"2025-10-14T10:16:07+00:00","mainEntityOfPage":{"@id":"https:\/\/a1.com\/de\/zusammenarbeit-fuer-esg-fortschritt-in-ikt-lieferketten-einblicke-von-der-jac-general-assembly-2025\/"},"wordCount":12,"image":{"@id":"https:\/\/a1.com\/de\/zusammenarbeit-fuer-esg-fortschritt-in-ikt-lieferketten-einblicke-von-der-jac-general-assembly-2025\/#primaryimage"},"thumbnailUrl":"https:\/\/a1.com\/wp-content\/uploads\/sites\/6\/2025\/10\/IMG_3187-scaled.jpeg","articleSection":["Governance"],"inLanguage":"de-DE"},{"@type":"WebPage","@id":"https:\/\/a1.com\/de\/zusammenarbeit-fuer-esg-fortschritt-in-ikt-lieferketten-einblicke-von-der-jac-general-assembly-2025\/","url":"https:\/\/a1.com\/de\/zusammenarbeit-fuer-esg-fortschritt-in-ikt-lieferketten-einblicke-von-der-jac-general-assembly-2025\/","name":"Zusammenarbeit f\u00fcr ESG-Fortschritt in IKT-Lieferketten: Einblicke von der JAC General Assembly 2025 - A1 Group","isPartOf":{"@id":"https:\/\/a1.com\/#website"},"primaryImageOfPage":{"@id":"https:\/\/a1.com\/de\/zusammenarbeit-fuer-esg-fortschritt-in-ikt-lieferketten-einblicke-von-der-jac-general-assembly-2025\/#primaryimage"},"image":{"@id":"https:\/\/a1.com\/de\/zusammenarbeit-fuer-esg-fortschritt-in-ikt-lieferketten-einblicke-von-der-jac-general-assembly-2025\/#primaryimage"},"thumbnailUrl":"https:\/\/a1.com\/wp-content\/uploads\/sites\/6\/2025\/10\/IMG_3187-scaled.jpeg","datePublished":"2025-10-14T10:16:06+00:00","dateModified":"2025-10-14T10:16:07+00:00","author":{"@id":"https:\/\/a1.com\/#\/schema\/person\/46abbc4358b899eaff9f012d2c1daf65"},"description":"A1 Group hostet die JAC-Generalversammlung 2025. Im Fokus: Nachhaltigkeit, ESG und verantwortungsvolle Lieferketten in der Telekommunikationsbranche.","breadcrumb":{"@id":"https:\/\/a1.com\/de\/zusammenarbeit-fuer-esg-fortschritt-in-ikt-lieferketten-einblicke-von-der-jac-general-assembly-2025\/#breadcrumb"},"inLanguage":"de-DE","potentialAction":[{"@type":"ReadAction","target":["https:\/\/a1.com\/de\/zusammenarbeit-fuer-esg-fortschritt-in-ikt-lieferketten-einblicke-von-der-jac-general-assembly-2025\/"]}]},{"@type":"ImageObject","inLanguage":"de-DE","@id":"https:\/\/a1.com\/de\/zusammenarbeit-fuer-esg-fortschritt-in-ikt-lieferketten-einblicke-von-der-jac-general-assembly-2025\/#primaryimage","url":"https:\/\/a1.com\/wp-content\/uploads\/sites\/6\/2025\/10\/IMG_3187-scaled.jpeg","contentUrl":"https:\/\/a1.com\/wp-content\/uploads\/sites\/6\/2025\/10\/IMG_3187-scaled.jpeg","width":2560,"height":664},{"@type":"BreadcrumbList","@id":"https:\/\/a1.com\/de\/zusammenarbeit-fuer-esg-fortschritt-in-ikt-lieferketten-einblicke-von-der-jac-general-assembly-2025\/#breadcrumb","itemListElement":[{"@type":"ListItem","position":1,"name":"Home","item":"https:\/\/a1.com\/de\/"},{"@type":"ListItem","position":2,"name":"Zusammenarbeit f\u00fcr ESG-Fortschritt in IKT-Lieferketten: Einblicke von der JAC General Assembly 2025"}]},{"@type":"WebSite","@id":"https:\/\/a1.com\/#website","url":"https:\/\/a1.com\/","name":"A1 Group","description":"","potentialAction":[{"@type":"SearchAction","target":{"@type":"EntryPoint","urlTemplate":"https:\/\/a1.com\/?s={search_term_string}"},"query-input":{"@type":"PropertyValueSpecification","valueRequired":true,"valueName":"search_term_string"}}],"inLanguage":"de-DE"},{"@type":"Person","@id":"https:\/\/a1.com\/#\/schema\/person\/46abbc4358b899eaff9f012d2c1daf65","name":"marialeitl","image":{"@type":"ImageObject","inLanguage":"de-DE","@id":"https:\/\/secure.gravatar.com\/avatar\/a3eb54e6e550c995aae9f1d2c76186a7be1d43fda02937dd2cce710184a53633?s=96&d=mm&r=g","url":"https:\/\/secure.gravatar.com\/avatar\/a3eb54e6e550c995aae9f1d2c76186a7be1d43fda02937dd2cce710184a53633?s=96&d=mm&r=g","contentUrl":"https:\/\/secure.gravatar.com\/avatar\/a3eb54e6e550c995aae9f1d2c76186a7be1d43fda02937dd2cce710184a53633?s=96&d=mm&r=g","caption":"marialeitl"}}]}},"_links":{"self":[{"href":"https:\/\/a1.com\/de\/wp-json\/wp\/v2\/posts\/16402","targetHints":{"allow":["GET"]}}],"collection":[{"href":"https:\/\/a1.com\/de\/wp-json\/wp\/v2\/posts"}],"about":[{"href":"https:\/\/a1.com\/de\/wp-json\/wp\/v2\/types\/post"}],"author":[{"embeddable":true,"href":"https:\/\/a1.com\/de\/wp-json\/wp\/v2\/users\/90"}],"replies":[{"embeddable":true,"href":"https:\/\/a1.com\/de\/wp-json\/wp\/v2\/comments?post=16402"}],"version-history":[{"count":2,"href":"https:\/\/a1.com\/de\/wp-json\/wp\/v2\/posts\/16402\/revisions"}],"predecessor-version":[{"id":16405,"href":"https:\/\/a1.com\/de\/wp-json\/wp\/v2\/posts\/16402\/revisions\/16405"}],"wp:featuredmedia":[{"embeddable":true,"href":"https:\/\/a1.com\/de\/wp-json\/wp\/v2\/media\/16395"}],"wp:attachment":[{"href":"https:\/\/a1.com\/de\/wp-json\/wp\/v2\/media?parent=16402"}],"wp:term":[{"taxonomy":"category","embeddable":true,"href":"https:\/\/a1.com\/de\/wp-json\/wp\/v2\/categories?post=16402"},{"taxonomy":"post_tag","embeddable":true,"href":"https:\/\/a1.com\/de\/wp-json\/wp\/v2\/tags?post=16402"},{"taxonomy":"department","embeddable":true,"href":"https:\/\/a1.com\/de\/wp-json\/wp\/v2\/departments?post=16402"}],"curies":[{"name":"wp","href":"https:\/\/api.w.org\/{rel}","templated":true}]}}