{"id":14631,"date":"2025-02-06T11:04:33","date_gmt":"2025-02-06T10:04:33","guid":{"rendered":"https:\/\/a1.com\/?p=14631"},"modified":"2025-05-14T13:48:16","modified_gmt":"2025-05-14T11:48:16","slug":"safer-internet-day-2025-gemeinsam-fur-ein-besseres-internet","status":"publish","type":"post","link":"https:\/\/a1.com\/de\/safer-internet-day-2025-gemeinsam-fur-ein-besseres-internet\/","title":{"rendered":"Safer Internet Day 2025: Gemeinsam f\u00fcr ein besseres Internet!"},"content":{"rendered":"<div\n\tclass=\"wrapper wrapper__bg-color--white  wrapper__spacing-bottom-large--40       wrapper__border-color-large--primary wrapper__border-size-large--none\"\n\t>\n\n\t\n\t\t\t<div class=\"wrapper__container wrapper__container-width-large--default wrapper__gutter-desktop--default wrapper__gutter-tablet--small\">\n\t\t\t<div class=\"wrapper__inner wrapper__width-large--12\">\n\t\t\t\t<div class=\"image-wrap block-image__image-wrap\" data-align=\"center center\">\n\n\t\t\t<picture class=\"image image__picture\">\n\t\t\t\t\t\t<img\n\t\t\t\tsrc=\"https:\/\/a1.com\/wp-content\/uploads\/sites\/6\/2025\/02\/Safer-Internet-Day-2025-banner-SIC-logo-placehoder.png\"\n\t\t\t\tclass=\"image  image__rounded-corners--none block-image__image\"\n\t\t\t\talt=\"\"\n\t\t\t\/>\n\t\t<\/picture>\n\t\n\t<\/div>\t\t\t<\/div>\n\t\t<\/div>\n\t<\/div>\n\n\n<div\n\tclass=\"wrapper wrapper__bg-color--white  wrapper__spacing-bottom-large--40 wrapper__spacing-top-in-large--20      wrapper__border-color-large--primary wrapper__border-size-large--none\"\n\t>\n\n\t\n\t\t\t<div class=\"wrapper__container wrapper__container-width-large--default wrapper__gutter-desktop--default wrapper__gutter-tablet--small\">\n\t\t\t<div class=\"wrapper__inner wrapper__width-large--10 wrapper__offset-large--1\">\n\t\t\t\t<div class='block-breadcrumbs'><a href='https:\/\/a1.com\/de\/' class='block-breadcrumbs__home' aria-label='Home link'><\/a><span><a class=\"block-breadcrumbs__link\" href=\" https:\/\/a1.com\/de\/ \">Home<\/a><\/span><\/div>\t\t\t<\/div>\n\t\t<\/div>\n\t<\/div>\n\n\n<div\n\tclass=\"wrapper wrapper__bg-color--white wrapper__spacing-top-large--60 wrapper__spacing-top-mobile--20 wrapper__spacing-bottom-large--40       wrapper__border-color-large--primary wrapper__border-size-large--none\"\n\t>\n\n\t\n\t\t\t<div class=\"wrapper__container wrapper__container-width-large--default wrapper__gutter-desktop--default wrapper__gutter-tablet--small\">\n\t\t\t<div class=\"wrapper__inner wrapper__width-large--9 wrapper__width-mobile--11 wrapper__offset-large--2 wrapper__offset-mobile--0\">\n\t\t\t\t<h2 class=\"heading heading__color--black heading__size--default heading__align--left heading__font-family--serif heading__font-weight--bold block-heading__heading\">\n\t<strong><strong>Safer Internet Day 2025: Gemeinsam f\u00fcr ein besseres Internet!<\/strong><\/strong><\/h2>\t\t\t<\/div>\n\t\t<\/div>\n\t<\/div>\n\n\n<div\n\tclass=\"wrapper wrapper__bg-color--white  wrapper__spacing-bottom-large--40       wrapper__border-color-large--primary wrapper__border-size-large--none\"\n\t>\n\n\t\n\t\t\t<div class=\"wrapper__container wrapper__container-width-large--default wrapper__gutter-desktop--default wrapper__gutter-tablet--small\">\n\t\t\t<div class=\"wrapper__inner wrapper__width-large--8 wrapper__width-mobile--11 wrapper__offset-large--2 wrapper__offset-mobile--0\">\n\t\t\t\t<p class=\"paragraph paragraph__color--black paragraph__size--default paragraph__align--left paragraph__font-family--sans block-paragraph__paragraph\">\n\tSeit Jahren ist der Safer Internet Day ein globaler Tag der Fokussierung auf die Frage, wie man das Internet zu einem besseren Ort machen kann \u2013 vor allem f\u00fcr Kinder und junge Erwachsene. Am 11. Februar wurde er rund um die Welt unter dem Motto \u201eGemeinsam f\u00fcr ein besseres Internet\u201c gefeiert. Auch A1 tr\u00e4gt mit Initiativen in allen aktiven M\u00e4rkten dazu bei, Awareness zu schaffen und den Weg f\u00fcr ein besseres Internet zu ebnen.<br>\u00a0<br>So war etwa am 13. Februar die Fachtagung \u201eAufwachsen in der digitalen Welt\u201c zu Gast im A1 Headquarter in Wien. Anl\u00e4sslich des diesj\u00e4hrigen Safer Internet Day diskutierte die EU-Initiative\u00a0<a href=\"https:\/\/eur04.safelinks.protection.outlook.com\/?url=https%3A%2F%2Fwww.saferinternet.at%2F&amp;data=05%7C02%7CMaximilian.Rabl%40A1.group%7Cb0d3ce76e0fc449876a808dd5a6dac8f%7C26a1e041d3a24d59a14aacaedd98e798%7C0%7C0%7C638766149271396117%7CUnknown%7CTWFpbGZsb3d8eyJFbXB0eU1hcGkiOnRydWUsIlYiOiIwLjAuMDAwMCIsIlAiOiJXaW4zMiIsIkFOIjoiTWFpbCIsIldUIjoyfQ%3D%3D%7C0%7C%7C%7C&amp;sdata=5x1CCqQA%2BKSAkDYTvVf7LoUGQ50gnKakMSyb%2BSZn39g%3D&amp;reserved=0\">Saferinternet.at<\/a>, vor Fachpublikum digitale Trends und Herausforderungen im Leben Jugendlicher. Die Veranstaltung \u00fcberzeugte mit spannenden Vortr\u00e4gen, lebendigen Diskussionsrunden und bot reichlich Raum f\u00fcr den pers\u00f6nlichen Austausch.<br>Weitere Infos zur Tagung und dem Programm: <a href=\"https:\/\/eur04.safelinks.protection.outlook.com\/?url=https%3A%2F%2Fa1digitalcampus.at%2Faufwachsen-in-der-digitalen-welt-fachtagung-von-saferinternet-at%2F&amp;data=05%7C02%7CMaximilian.Rabl%40A1.group%7Cb0d3ce76e0fc449876a808dd5a6dac8f%7C26a1e041d3a24d59a14aacaedd98e798%7C0%7C0%7C638766149271409984%7CUnknown%7CTWFpbGZsb3d8eyJFbXB0eU1hcGkiOnRydWUsIlYiOiIwLjAuMDAwMCIsIlAiOiJXaW4zMiIsIkFOIjoiTWFpbCIsIldUIjoyfQ%3D%3D%7C0%7C%7C%7C&amp;sdata=duRYATqrQPJlX%2BhIBy0QBI5hXOtkBRh4AZjS4oP3G3o%3D&amp;reserved=0\">&#8220;Aufwachsen in der digitalen Welt&#8221;: Fachtagung von Saferinternet.at &#8211; A1 digital.campus<\/a><\/p>\t\t\t<\/div>\n\t\t<\/div>\n\t<\/div>\n\n\n<div\n\tclass=\"wrapper wrapper__bg-color--white  wrapper__spacing-bottom-large--40       wrapper__border-color-large--primary wrapper__border-size-large--none\"\n\t>\n\n\t\n\t\t\t<div class=\"wrapper__container wrapper__container-width-large--default wrapper__gutter-desktop--default wrapper__gutter-tablet--small\">\n\t\t\t<div class=\"wrapper__inner wrapper__width-large--12\">\n\t\t\t\t<div class=\"image-wrap block-image__image-wrap\" data-align=\"center center\">\n\n\t\t\t<picture class=\"image image__picture\">\n\t\t\t\t\t\t<img\n\t\t\t\tsrc=\"https:\/\/a1.com\/wp-content\/uploads\/sites\/6\/2025\/02\/SID-Austria.jpg\"\n\t\t\t\tclass=\"image  image__rounded-corners--none block-image__image\"\n\t\t\t\talt=\"\"\n\t\t\t\/>\n\t\t<\/picture>\n\t\n\t<\/div>\t\t\t<\/div>\n\t\t<\/div>\n\t<\/div>\n\n\n<div\n\tclass=\"wrapper wrapper__bg-color--white  wrapper__spacing-bottom-large--40       wrapper__border-color-large--primary wrapper__border-size-large--none\"\n\t>\n\n\t\n\t\t\t<div class=\"wrapper__container wrapper__container-width-large--default wrapper__gutter-desktop--default wrapper__gutter-tablet--small\">\n\t\t\t<div class=\"wrapper__inner wrapper__width-large--8 wrapper__width-mobile--11 wrapper__offset-large--2 wrapper__offset-mobile--0\">\n\t\t\t\t<p class=\"paragraph paragraph__color--black paragraph__size--default paragraph__align--left paragraph__font-family--sans block-paragraph__paragraph\">\n\tA1 Belarus hat zusammen mit dem belarussischen Kinderfonds und dem gro\u00dfen belarussischen Medium \u201eBelta\u201c eine Reihe von Aktivit\u00e4ten rund um den Safer Internet Day 2025 durchgef\u00fchrt: Zwischen dem 11. und 19. Februar startete das Unternehmen die zweite Welle seiner \u201e5-Seconds\u201c-Kampagne mit Fokus auf Kinder. Dazu geh\u00f6rten Flugbl\u00e4tter mit Informationen \u00fcber die Sicherheit von Kindern im Internet und deren Distribution online, in Waisenh\u00e4usern und Internaten. Zus\u00e4tzlich: Ein Update der Landing Page f\u00fcr \u201eSafety &amp; Security\u201c auf A1.by und eine Partnerschaft mit \u201eBelta\u201c f\u00fcr eine Reihe von Videos \u00fcber Cybersicherheit, in denen A1 Experten Sicherheitstipps teilen. Zudem wurden eine PR-Kampagne mit Bloggern, eine gezielte Kampagne via SMS &amp; My A1 und eine digitale Kampagne in sozialen Medien durchgef\u00fchrt.<br>\u00a0<br>A1 Kroatien hat den BoljiOnline Bot eingef\u00fchrt. Dabei handelt es sich um einen KI-basierten Chatbot, der f\u00fcr jedermann verf\u00fcgbar ist, um anonyme und verifizierte Ratschl\u00e4ge zur Online-Sicherheit zu geben. Es fanden Podiumsdiskussionen mit Experten und Influencern zu Sicherheitsthemen statt. Eine Pressekonferenz richtete sich an verschiedene Interessengruppen und sch\u00e4rfte das Bewusstsein f\u00fcr diese Themen. Ein Online-Quiz in drei St\u00e4dten mit drei Schulen rundete die Initiativen ab.<\/p>\t\t\t<\/div>\n\t\t<\/div>\n\t<\/div>\n\n\n<div\n\tclass=\"wrapper wrapper__bg-color--white  wrapper__spacing-bottom-large--40       wrapper__border-color-large--primary wrapper__border-size-large--none\"\n\t>\n\n\t\n\t\t\t<div class=\"wrapper__container wrapper__container-width-large--default wrapper__gutter-desktop--default wrapper__gutter-tablet--small\">\n\t\t\t<div class=\"wrapper__inner wrapper__width-large--12\">\n\t\t\t\t<div class=\"image-wrap block-image__image-wrap\" data-align=\"center center\">\n\n\t\t\t<picture class=\"image image__picture\">\n\t\t\t\t\t\t<img\n\t\t\t\tsrc=\"https:\/\/a1.com\/wp-content\/uploads\/sites\/6\/2025\/02\/SID-croatia.jpg\"\n\t\t\t\tclass=\"image  image__rounded-corners--none block-image__image\"\n\t\t\t\talt=\"\"\n\t\t\t\/>\n\t\t<\/picture>\n\t\n\t<\/div>\t\t\t<\/div>\n\t\t<\/div>\n\t<\/div>\n\n\n<div\n\tclass=\"wrapper wrapper__bg-color--white  wrapper__spacing-bottom-large--40       wrapper__border-color-large--primary wrapper__border-size-large--none\"\n\t>\n\n\t\n\t\t\t<div class=\"wrapper__container wrapper__container-width-large--default wrapper__gutter-desktop--default wrapper__gutter-tablet--small\">\n\t\t\t<div class=\"wrapper__inner wrapper__width-large--8 wrapper__width-mobile--11 wrapper__offset-large--2 wrapper__offset-mobile--0\">\n\t\t\t\t<p class=\"paragraph paragraph__color--black paragraph__size--default paragraph__align--left paragraph__font-family--sans block-paragraph__paragraph\">\n\tA1 Mazedonien hat den &#8220;Click Safely&#8221;-Tag mit einer Social-Media-Kampagne und Medienaktivit\u00e4ten beworben. Mehr als 2.000 Kinder nahmen an dieser erfolgreichen Aktion teil.<\/p>\t\t\t<\/div>\n\t\t<\/div>\n\t<\/div>\n\n\n<div\n\tclass=\"wrapper wrapper__bg-color--white  wrapper__spacing-bottom-large--40       wrapper__border-color-large--primary wrapper__border-size-large--none\"\n\t>\n\n\t\n\t\t\t<div class=\"wrapper__container wrapper__container-width-large--default wrapper__gutter-desktop--default wrapper__gutter-tablet--small\">\n\t\t\t<div class=\"wrapper__inner wrapper__width-large--12\">\n\t\t\t\t<div class=\"image-wrap block-image__image-wrap\" data-align=\"center center\">\n\n\t\t\t<picture class=\"image image__picture\">\n\t\t\t\t\t\t<img\n\t\t\t\tsrc=\"https:\/\/a1.com\/wp-content\/uploads\/sites\/6\/2025\/02\/SID-MAcedonia.jpg\"\n\t\t\t\tclass=\"image  image__rounded-corners--none block-image__image\"\n\t\t\t\talt=\"\"\n\t\t\t\/>\n\t\t<\/picture>\n\t\n\t<\/div>\t\t\t<\/div>\n\t\t<\/div>\n\t<\/div>\n\n\n<div\n\tclass=\"wrapper wrapper__bg-color--white  wrapper__spacing-bottom-large--40  wrapper__spacing-bottom-in-large--120     wrapper__border-color-large--primary wrapper__border-size-large--none\"\n\t>\n\n\t\n\t\t\t<div class=\"wrapper__container wrapper__container-width-large--default wrapper__gutter-desktop--default wrapper__gutter-tablet--small\">\n\t\t\t<div class=\"wrapper__inner wrapper__width-large--12 wrapper__offset-large--2\">\n\t\t\t\t<div class=\"btn-wrap btn-wrap__align--left block-button__btn-wrap\">\n\t\t\t<a\n\t\t\thref=\"https:\/\/better-internet-for-kids.europa.eu\/en\/saferinternetday\"\n\t\t\tclass=\"btn btn__color--primary btn__size--default btn__size-width--default btn__icon-position--left btn__font-family--sans  block-button__btn\"\n\t\t\tid=\"\"\n\t\t\ttitle=\"Mehr erfahren\"\n\t\t\taria-label=\"\"\n\t\t\ttarget=_blank rel=\"noopener noreferrer\" \t\t>\n\t\t\t\t\t\tMehr erfahren\t\t<\/a>\n\t<\/div>\t\t\t<\/div>\n\t\t<\/div>\n\t<\/div>\n","protected":false},"excerpt":{"rendered":"<p>Seit Jahren ist der Safer Internet Day ein globaler Tag der Fokussierung auf die Frage, wie man das Internet zu einem besseren Ort machen kann \u2013 vor allem f\u00fcr Kinder und junge Erwachsene.<\/p>\n","protected":false},"author":3,"featured_media":14610,"comment_status":"closed","ping_status":"closed","sticky":false,"template":"","format":"standard","meta":{"_acf_changed":false,"footnotes":""},"categories":[32,33],"tags":[],"departments":[19],"class_list":["post-14631","post","type-post","status-publish","format-standard","has-post-thumbnail","hentry","category-cybersecurity-de","category-social-de","department-esg"],"acf":[],"yoast_head":"<!-- This site is optimized with the Yoast SEO plugin v27.4 - https:\/\/yoast.com\/product\/yoast-seo-wordpress\/ -->\n<title>Safer Internet Day 2025: Gemeinsam f\u00fcr ein besseres Internet! - A1 Group<\/title>\n<meta name=\"description\" content=\"Why no ESG strategy can succeed without the proper training of employees in sustainability, and how seriously we at the A1 Group are taking this step.\" \/>\n<meta name=\"robots\" content=\"index, follow, max-snippet:-1, max-image-preview:large, max-video-preview:-1\" \/>\n<link rel=\"canonical\" href=\"https:\/\/a1.com\/de\/safer-internet-day-2025-gemeinsam-fur-ein-besseres-internet\/\" \/>\n<meta property=\"og:locale\" content=\"de_DE\" \/>\n<meta property=\"og:type\" content=\"article\" \/>\n<meta property=\"og:title\" content=\"Click here to unlock your fortune\" \/>\n<meta property=\"og:description\" content=\"Why no ESG strategy can succeed without the proper training of employees in sustainability, and how seriously we at the A1 Group are taking this step.\" \/>\n<meta property=\"og:url\" content=\"https:\/\/a1.com\/de\/safer-internet-day-2025-gemeinsam-fur-ein-besseres-internet\/\" \/>\n<meta property=\"og:site_name\" content=\"A1 Group\" \/>\n<meta property=\"article:published_time\" content=\"2025-02-06T10:04:33+00:00\" \/>\n<meta property=\"article:modified_time\" content=\"2025-05-14T11:48:16+00:00\" \/>\n<meta property=\"og:image\" content=\"https:\/\/a1.com\/wp-content\/uploads\/sites\/6\/2024\/11\/phishing-post-header-image.jpg\" \/>\n\t<meta property=\"og:image:width\" content=\"1253\" \/>\n\t<meta property=\"og:image:height\" content=\"836\" \/>\n\t<meta property=\"og:image:type\" content=\"image\/jpeg\" \/>\n<meta name=\"author\" content=\"brunostoefs\" \/>\n<meta name=\"twitter:card\" content=\"summary_large_image\" \/>\n<meta name=\"twitter:title\" content=\"Click here to unlock your fortune\" \/>\n<meta name=\"twitter:description\" content=\"Why no ESG strategy can succeed without the proper training of employees in sustainability, and how seriously we at the A1 Group are taking this step.\" \/>\n<meta name=\"twitter:image\" content=\"https:\/\/a1.com\/wp-content\/uploads\/sites\/6\/2024\/11\/phishing-post-header-image.jpg\" \/>\n<meta name=\"twitter:label1\" content=\"Written by\" \/>\n\t<meta name=\"twitter:data1\" content=\"brunostoefs\" \/>\n\t<meta name=\"twitter:label2\" content=\"Est. reading time\" \/>\n\t<meta name=\"twitter:data2\" content=\"3 minutes\" \/>\n<script type=\"application\/ld+json\" class=\"yoast-schema-graph\">{\"@context\":\"https:\\\/\\\/schema.org\",\"@graph\":[{\"@type\":\"Article\",\"@id\":\"https:\\\/\\\/a1.com\\\/de\\\/safer-internet-day-2025-gemeinsam-fur-ein-besseres-internet\\\/#article\",\"isPartOf\":{\"@id\":\"https:\\\/\\\/a1.com\\\/de\\\/safer-internet-day-2025-gemeinsam-fur-ein-besseres-internet\\\/\"},\"author\":{\"name\":\"brunostoefs\",\"@id\":\"https:\\\/\\\/a1.com\\\/#\\\/schema\\\/person\\\/e485e71f7cba8079a7165b813d6b165f\"},\"headline\":\"Safer Internet Day 2025: Gemeinsam f\u00fcr ein besseres Internet!\",\"datePublished\":\"2025-02-06T10:04:33+00:00\",\"dateModified\":\"2025-05-14T11:48:16+00:00\",\"mainEntityOfPage\":{\"@id\":\"https:\\\/\\\/a1.com\\\/de\\\/safer-internet-day-2025-gemeinsam-fur-ein-besseres-internet\\\/\"},\"wordCount\":9,\"image\":{\"@id\":\"https:\\\/\\\/a1.com\\\/de\\\/safer-internet-day-2025-gemeinsam-fur-ein-besseres-internet\\\/#primaryimage\"},\"thumbnailUrl\":\"https:\\\/\\\/a1.com\\\/wp-content\\\/uploads\\\/sites\\\/6\\\/2025\\\/02\\\/Ally02_smart.png\",\"articleSection\":[\"Cybersecurity\",\"Social\"],\"inLanguage\":\"de-DE\"},{\"@type\":\"WebPage\",\"@id\":\"https:\\\/\\\/a1.com\\\/de\\\/safer-internet-day-2025-gemeinsam-fur-ein-besseres-internet\\\/\",\"url\":\"https:\\\/\\\/a1.com\\\/de\\\/safer-internet-day-2025-gemeinsam-fur-ein-besseres-internet\\\/\",\"name\":\"Safer Internet Day 2025: Gemeinsam f\u00fcr ein besseres Internet! - A1 Group\",\"isPartOf\":{\"@id\":\"https:\\\/\\\/a1.com\\\/#website\"},\"primaryImageOfPage\":{\"@id\":\"https:\\\/\\\/a1.com\\\/de\\\/safer-internet-day-2025-gemeinsam-fur-ein-besseres-internet\\\/#primaryimage\"},\"image\":{\"@id\":\"https:\\\/\\\/a1.com\\\/de\\\/safer-internet-day-2025-gemeinsam-fur-ein-besseres-internet\\\/#primaryimage\"},\"thumbnailUrl\":\"https:\\\/\\\/a1.com\\\/wp-content\\\/uploads\\\/sites\\\/6\\\/2025\\\/02\\\/Ally02_smart.png\",\"datePublished\":\"2025-02-06T10:04:33+00:00\",\"dateModified\":\"2025-05-14T11:48:16+00:00\",\"author\":{\"@id\":\"https:\\\/\\\/a1.com\\\/#\\\/schema\\\/person\\\/e485e71f7cba8079a7165b813d6b165f\"},\"description\":\"Why no ESG strategy can succeed without the proper training of employees in sustainability, and how seriously we at the A1 Group are taking this step.\",\"breadcrumb\":{\"@id\":\"https:\\\/\\\/a1.com\\\/de\\\/safer-internet-day-2025-gemeinsam-fur-ein-besseres-internet\\\/#breadcrumb\"},\"inLanguage\":\"de-DE\",\"potentialAction\":[{\"@type\":\"ReadAction\",\"target\":[\"https:\\\/\\\/a1.com\\\/de\\\/safer-internet-day-2025-gemeinsam-fur-ein-besseres-internet\\\/\"]}]},{\"@type\":\"ImageObject\",\"inLanguage\":\"de-DE\",\"@id\":\"https:\\\/\\\/a1.com\\\/de\\\/safer-internet-day-2025-gemeinsam-fur-ein-besseres-internet\\\/#primaryimage\",\"url\":\"https:\\\/\\\/a1.com\\\/wp-content\\\/uploads\\\/sites\\\/6\\\/2025\\\/02\\\/Ally02_smart.png\",\"contentUrl\":\"https:\\\/\\\/a1.com\\\/wp-content\\\/uploads\\\/sites\\\/6\\\/2025\\\/02\\\/Ally02_smart.png\",\"width\":2528,\"height\":2248},{\"@type\":\"BreadcrumbList\",\"@id\":\"https:\\\/\\\/a1.com\\\/de\\\/safer-internet-day-2025-gemeinsam-fur-ein-besseres-internet\\\/#breadcrumb\",\"itemListElement\":[{\"@type\":\"ListItem\",\"position\":1,\"name\":\"Home\",\"item\":\"https:\\\/\\\/a1.com\\\/de\\\/\"},{\"@type\":\"ListItem\",\"position\":2,\"name\":\"Safer Internet Day 2025: Gemeinsam f\u00fcr ein besseres Internet!\"}]},{\"@type\":\"WebSite\",\"@id\":\"https:\\\/\\\/a1.com\\\/#website\",\"url\":\"https:\\\/\\\/a1.com\\\/\",\"name\":\"A1 Group\",\"description\":\"\",\"potentialAction\":[{\"@type\":\"SearchAction\",\"target\":{\"@type\":\"EntryPoint\",\"urlTemplate\":\"https:\\\/\\\/a1.com\\\/?s={search_term_string}\"},\"query-input\":{\"@type\":\"PropertyValueSpecification\",\"valueRequired\":true,\"valueName\":\"search_term_string\"}}],\"inLanguage\":\"de-DE\"},{\"@type\":\"Person\",\"@id\":\"https:\\\/\\\/a1.com\\\/#\\\/schema\\\/person\\\/e485e71f7cba8079a7165b813d6b165f\",\"name\":\"brunostoefs\",\"image\":{\"@type\":\"ImageObject\",\"inLanguage\":\"de-DE\",\"@id\":\"https:\\\/\\\/secure.gravatar.com\\\/avatar\\\/b75e7d64b57523075b44921c8efb0e72146828d55a41504f5f3c36ce0044cff0?s=96&d=mm&r=g\",\"url\":\"https:\\\/\\\/secure.gravatar.com\\\/avatar\\\/b75e7d64b57523075b44921c8efb0e72146828d55a41504f5f3c36ce0044cff0?s=96&d=mm&r=g\",\"contentUrl\":\"https:\\\/\\\/secure.gravatar.com\\\/avatar\\\/b75e7d64b57523075b44921c8efb0e72146828d55a41504f5f3c36ce0044cff0?s=96&d=mm&r=g\",\"caption\":\"brunostoefs\"},\"sameAs\":[\"https:\\\/\\\/bruno@engrd.at\"]}]}<\/script>\n<!-- \/ Yoast SEO plugin. -->","yoast_head_json":{"title":"Safer Internet Day 2025: Gemeinsam f\u00fcr ein besseres Internet! - A1 Group","description":"Why no ESG strategy can succeed without the proper training of employees in sustainability, and how seriously we at the A1 Group are taking this step.","robots":{"index":"index","follow":"follow","max-snippet":"max-snippet:-1","max-image-preview":"max-image-preview:large","max-video-preview":"max-video-preview:-1"},"canonical":"https:\/\/a1.com\/de\/safer-internet-day-2025-gemeinsam-fur-ein-besseres-internet\/","og_locale":"de_DE","og_type":"article","og_title":"Click here to unlock your fortune","og_description":"Why no ESG strategy can succeed without the proper training of employees in sustainability, and how seriously we at the A1 Group are taking this step.","og_url":"https:\/\/a1.com\/de\/safer-internet-day-2025-gemeinsam-fur-ein-besseres-internet\/","og_site_name":"A1 Group","article_published_time":"2025-02-06T10:04:33+00:00","article_modified_time":"2025-05-14T11:48:16+00:00","og_image":[{"width":1253,"height":836,"url":"https:\/\/a1.com\/wp-content\/uploads\/sites\/6\/2024\/11\/phishing-post-header-image.jpg","type":"image\/jpeg"}],"author":"brunostoefs","twitter_card":"summary_large_image","twitter_title":"Click here to unlock your fortune","twitter_description":"Why no ESG strategy can succeed without the proper training of employees in sustainability, and how seriously we at the A1 Group are taking this step.","twitter_image":"https:\/\/a1.com\/wp-content\/uploads\/sites\/6\/2024\/11\/phishing-post-header-image.jpg","twitter_misc":{"Written by":"brunostoefs","Est. reading time":"3 minutes"},"schema":{"@context":"https:\/\/schema.org","@graph":[{"@type":"Article","@id":"https:\/\/a1.com\/de\/safer-internet-day-2025-gemeinsam-fur-ein-besseres-internet\/#article","isPartOf":{"@id":"https:\/\/a1.com\/de\/safer-internet-day-2025-gemeinsam-fur-ein-besseres-internet\/"},"author":{"name":"brunostoefs","@id":"https:\/\/a1.com\/#\/schema\/person\/e485e71f7cba8079a7165b813d6b165f"},"headline":"Safer Internet Day 2025: Gemeinsam f\u00fcr ein besseres Internet!","datePublished":"2025-02-06T10:04:33+00:00","dateModified":"2025-05-14T11:48:16+00:00","mainEntityOfPage":{"@id":"https:\/\/a1.com\/de\/safer-internet-day-2025-gemeinsam-fur-ein-besseres-internet\/"},"wordCount":9,"image":{"@id":"https:\/\/a1.com\/de\/safer-internet-day-2025-gemeinsam-fur-ein-besseres-internet\/#primaryimage"},"thumbnailUrl":"https:\/\/a1.com\/wp-content\/uploads\/sites\/6\/2025\/02\/Ally02_smart.png","articleSection":["Cybersecurity","Social"],"inLanguage":"de-DE"},{"@type":"WebPage","@id":"https:\/\/a1.com\/de\/safer-internet-day-2025-gemeinsam-fur-ein-besseres-internet\/","url":"https:\/\/a1.com\/de\/safer-internet-day-2025-gemeinsam-fur-ein-besseres-internet\/","name":"Safer Internet Day 2025: Gemeinsam f\u00fcr ein besseres Internet! - A1 Group","isPartOf":{"@id":"https:\/\/a1.com\/#website"},"primaryImageOfPage":{"@id":"https:\/\/a1.com\/de\/safer-internet-day-2025-gemeinsam-fur-ein-besseres-internet\/#primaryimage"},"image":{"@id":"https:\/\/a1.com\/de\/safer-internet-day-2025-gemeinsam-fur-ein-besseres-internet\/#primaryimage"},"thumbnailUrl":"https:\/\/a1.com\/wp-content\/uploads\/sites\/6\/2025\/02\/Ally02_smart.png","datePublished":"2025-02-06T10:04:33+00:00","dateModified":"2025-05-14T11:48:16+00:00","author":{"@id":"https:\/\/a1.com\/#\/schema\/person\/e485e71f7cba8079a7165b813d6b165f"},"description":"Why no ESG strategy can succeed without the proper training of employees in sustainability, and how seriously we at the A1 Group are taking this step.","breadcrumb":{"@id":"https:\/\/a1.com\/de\/safer-internet-day-2025-gemeinsam-fur-ein-besseres-internet\/#breadcrumb"},"inLanguage":"de-DE","potentialAction":[{"@type":"ReadAction","target":["https:\/\/a1.com\/de\/safer-internet-day-2025-gemeinsam-fur-ein-besseres-internet\/"]}]},{"@type":"ImageObject","inLanguage":"de-DE","@id":"https:\/\/a1.com\/de\/safer-internet-day-2025-gemeinsam-fur-ein-besseres-internet\/#primaryimage","url":"https:\/\/a1.com\/wp-content\/uploads\/sites\/6\/2025\/02\/Ally02_smart.png","contentUrl":"https:\/\/a1.com\/wp-content\/uploads\/sites\/6\/2025\/02\/Ally02_smart.png","width":2528,"height":2248},{"@type":"BreadcrumbList","@id":"https:\/\/a1.com\/de\/safer-internet-day-2025-gemeinsam-fur-ein-besseres-internet\/#breadcrumb","itemListElement":[{"@type":"ListItem","position":1,"name":"Home","item":"https:\/\/a1.com\/de\/"},{"@type":"ListItem","position":2,"name":"Safer Internet Day 2025: Gemeinsam f\u00fcr ein besseres Internet!"}]},{"@type":"WebSite","@id":"https:\/\/a1.com\/#website","url":"https:\/\/a1.com\/","name":"A1 Group","description":"","potentialAction":[{"@type":"SearchAction","target":{"@type":"EntryPoint","urlTemplate":"https:\/\/a1.com\/?s={search_term_string}"},"query-input":{"@type":"PropertyValueSpecification","valueRequired":true,"valueName":"search_term_string"}}],"inLanguage":"de-DE"},{"@type":"Person","@id":"https:\/\/a1.com\/#\/schema\/person\/e485e71f7cba8079a7165b813d6b165f","name":"brunostoefs","image":{"@type":"ImageObject","inLanguage":"de-DE","@id":"https:\/\/secure.gravatar.com\/avatar\/b75e7d64b57523075b44921c8efb0e72146828d55a41504f5f3c36ce0044cff0?s=96&d=mm&r=g","url":"https:\/\/secure.gravatar.com\/avatar\/b75e7d64b57523075b44921c8efb0e72146828d55a41504f5f3c36ce0044cff0?s=96&d=mm&r=g","contentUrl":"https:\/\/secure.gravatar.com\/avatar\/b75e7d64b57523075b44921c8efb0e72146828d55a41504f5f3c36ce0044cff0?s=96&d=mm&r=g","caption":"brunostoefs"},"sameAs":["https:\/\/bruno@engrd.at"]}]}},"_links":{"self":[{"href":"https:\/\/a1.com\/de\/wp-json\/wp\/v2\/posts\/14631","targetHints":{"allow":["GET"]}}],"collection":[{"href":"https:\/\/a1.com\/de\/wp-json\/wp\/v2\/posts"}],"about":[{"href":"https:\/\/a1.com\/de\/wp-json\/wp\/v2\/types\/post"}],"author":[{"embeddable":true,"href":"https:\/\/a1.com\/de\/wp-json\/wp\/v2\/users\/3"}],"replies":[{"embeddable":true,"href":"https:\/\/a1.com\/de\/wp-json\/wp\/v2\/comments?post=14631"}],"version-history":[{"count":9,"href":"https:\/\/a1.com\/de\/wp-json\/wp\/v2\/posts\/14631\/revisions"}],"predecessor-version":[{"id":15583,"href":"https:\/\/a1.com\/de\/wp-json\/wp\/v2\/posts\/14631\/revisions\/15583"}],"wp:featuredmedia":[{"embeddable":true,"href":"https:\/\/a1.com\/de\/wp-json\/wp\/v2\/media\/14610"}],"wp:attachment":[{"href":"https:\/\/a1.com\/de\/wp-json\/wp\/v2\/media?parent=14631"}],"wp:term":[{"taxonomy":"category","embeddable":true,"href":"https:\/\/a1.com\/de\/wp-json\/wp\/v2\/categories?post=14631"},{"taxonomy":"post_tag","embeddable":true,"href":"https:\/\/a1.com\/de\/wp-json\/wp\/v2\/tags?post=14631"},{"taxonomy":"department","embeddable":true,"href":"https:\/\/a1.com\/de\/wp-json\/wp\/v2\/departments?post=14631"}],"curies":[{"name":"wp","href":"https:\/\/api.w.org\/{rel}","templated":true}]}}