{"id":13528,"date":"2024-06-26T14:11:26","date_gmt":"2024-06-26T12:11:26","guid":{"rendered":"https:\/\/a1.com\/?p=13528"},"modified":"2024-10-23T13:28:16","modified_gmt":"2024-10-23T11:28:16","slug":"corporate-volunteering","status":"publish","type":"post","link":"https:\/\/a1.com\/de\/corporate-volunteering\/","title":{"rendered":"Corporate Volunteering"},"content":{"rendered":"\n<div class=\"block-hero-image block-hero-image__size--large\">\n\t<div class=\"image-wrap block-hero-image__image-wrap\" data-align=\"center center\">\n\n\t\t\t<div\n\t\t\tstyle=\"background-image:url(https:\/\/a1.com\/wp-content\/uploads\/sites\/6\/2024\/06\/Corporate-Volunteering-Foto-1.jpeg)\"\n\t\t\tclass=\"image image--bg image__rounded-corners--none block-hero-image__image\">\n\t\t<\/div>\n\t\n\t<\/div><\/div>\n\n\n<div\n\tclass=\"wrapper wrapper__bg-color--white wrapper__spacing-top-large--60 wrapper__spacing-bottom-large--40       wrapper__border-color-large--primary wrapper__border-size-large--none\"\n\t>\n\n\t\n\t\t\t<div class=\"wrapper__container wrapper__container-width-large--default wrapper__gutter-desktop--default wrapper__gutter-tablet--small\">\n\t\t\t<div class=\"wrapper__inner wrapper__width-large--6 wrapper__width-mobile--12 wrapper__offset-large--3 wrapper__offset-mobile--0\">\n\t\t\t\t<h2 class=\"heading heading__color--black heading__size--default heading__align--left heading__font-family--serif heading__font-weight--bold block-heading__heading\">\n\tHandarbeit f\u00fcr den guten Zweck<\/h2>\t\t\t<\/div>\n\t\t<\/div>\n\t<\/div>\n\n\n<div\n\tclass=\"wrapper wrapper__bg-color--white  wrapper__spacing-bottom-large--40       wrapper__border-color-large--primary wrapper__border-size-large--none\"\n\t>\n\n\t\n\t\t\t<div class=\"wrapper__container wrapper__container-width-large--default wrapper__gutter-desktop--default wrapper__gutter-tablet--small\">\n\t\t\t<div class=\"wrapper__inner wrapper__width-large--6 wrapper__width-mobile--12 wrapper__offset-large--3 wrapper__offset-mobile--0\">\n\t\t\t\t<p class=\"paragraph paragraph__color--black paragraph__size--default paragraph__align--left paragraph__font-family--sans block-paragraph__paragraph\">\n\tEinmal im Jahr haben alle Mitarbeiter:innen der A1 Group die M\u00f6glichkeit einen Corporate Volunteering Tag zu absolvieren. Die gemeinn\u00fctzige Arbeit f\u00f6rdert die Pers\u00f6nlichkeitsentwicklung und erweitert das Verst\u00e4ndnis f\u00fcr soziale Probleme. Diese Erfahrungen st\u00e4rken den Teamgeist und machen A1 zu einem &#8220;Great Place to Work&#8221;, der das Wohlbefinden und die Zufriedenheit aller Mitarbeitenden f\u00f6rdert. Daher sch\u00e4tzen wir die M\u00f6glichkeit, uns durch A1 gesellschaftlich engagieren zu k\u00f6nnen, denn sie macht unsere Arbeit noch bedeutungsvoller und st\u00e4rkt den Zusammenhalt.<br><br>F\u00fcr einen Tag tauschten wir als A1 Group ESG Team zusammen mit den Kolleginnen von Sustainable Finance den Laptop gegen die Strickliesel und unterst\u00fctzen die St. Elisabeth-Stiftung der Erzdi\u00f6zese Wien in ihrer wichtigen Arbeit. Gemeinsam widmeten wir uns der Herstellung von Strickschn\u00fcren f\u00fcr \u201eMamas Werkstatt\u201c.<br><br>Die St. Elisabeth-Stiftung ist eine gemeinn\u00fctzige Organisation, die schwangere Frauen, alleinerziehende M\u00fctter mit ihren Kindern, sowie Familien in Not unterst\u00fctzt. Sie bieten Beratung, Sachspenden, tempor\u00e4ren Wohnraum und befristete Anstellungen an. Letzteres soll den Frauen erm\u00f6glichen im Arbeitsmarkt wieder Fu\u00df zu fassen, sodass sie langfristig den Weg zur\u00fcck in die Eigenst\u00e4ndigkeit finden k\u00f6nnen. Dar\u00fcber hinaus hilft die Stiftung obdachlosen Menschen mit einem flexiblen Wohn- und Betreuungsangebot.<br><br>W\u00e4hrend des Corporate Volunteering Days durften wir die Frauen in \u201eMamas Werkstatt\u201c tatkr\u00e4ftig unterst\u00fctzen. Unsere handgefertigten Strickschn\u00fcre werden in der Werkstatt zu sch\u00f6nen und n\u00fctzlichen Gegenst\u00e4nden wie Topfuntersetzern und Armb\u00e4ndern weiterverarbeitet. Die Erl\u00f6se aus dem Verkauf dieser Produkte kommen direkt den M\u00fcttern und ihren Kindern zugute und tragen zur finanziellen Unterst\u00fctzung und Selbstst\u00e4ndigkeit der Frauen bei.<br><br>Neben der kreativen Arbeit bekamen wir auch eine F\u00fchrung durch den Standort der Stiftung. Dabei erhielten wir wertvolle Einblicke in die vielf\u00e4ltigen Hilfsangebote und das Engagement der Mitarbeitenden, die tagt\u00e4glich einen Unterschied im Leben vieler Menschen machen.<br><br>Es war eine bereichernde Erfahrung, einen Tag lang Teil dieser gro\u00dfartigen Initiative zu sein und einen kleinen Beitrag zur Unterst\u00fctzung von M\u00fcttern in Not zu leisten. Unser Dank gilt der St. Elisabeth-Stiftung f\u00fcr die herzliche Aufnahme und die M\u00f6glichkeit, aktiv mitzuwirken. Wir freuen uns darauf, auch n\u00e4chstes Jahr wieder \u00e4hnliche Projekte zu unterst\u00fctzen, um gemeinsam einen nachhaltigen Unterschied in unserer Gemeinschaft zu bewirken und uns sozial zu engagieren.<\/p>\t\t\t<\/div>\n\t\t<\/div>\n\t<\/div>\n\n\n<div\n\tclass=\"wrapper wrapper__bg-color--white  wrapper__spacing-bottom-large--40       wrapper__border-color-large--primary wrapper__border-size-large--none\"\n\t>\n\n\t\n\t\t\t<div class=\"wrapper__container wrapper__container-width-large--default wrapper__gutter-desktop--default wrapper__gutter-tablet--small\">\n\t\t\t<div class=\"wrapper__inner wrapper__width-large--12\">\n\t\t\t\t<div class=\"call-to-action block-cta__call-to-action\">\n\t<h2 class=\"heading heading__color--black heading__size--default heading__align--center heading__font-family--serif heading__font-weight--bold call-to-action__heading\">\n\tESG bei A1<\/h2><p class=\"paragraph paragraph__color--black paragraph__size--default-constant paragraph__align--center paragraph__font-family--sans call-to-action__paragraph\">\n\tErfahren Sie mehr \u00fcber die verschiedenen ESG-Initiativen <br>und Schwerpunktbereiche von A1.<\/p><div class=\"btn-wrap btn-wrap__align--center call-to-action__btn-wrap\">\n\t\t\t<a\n\t\t\thref=\"https:\/\/a1.com\/de\/category\/soziales\/\"\n\t\t\tclass=\"btn btn__color--primary btn__size--default btn__size-width--default btn__icon-position--left btn__font-family--sans  call-to-action__btn\"\n\t\t\tid=\"\"\n\t\t\ttitle=\"ESG News\"\n\t\t\taria-label=\"\"\n\t\t\ttarget=_blank rel=\"noopener noreferrer\" \t\t>\n\t\t\t\t\t\tESG News\t\t<\/a>\n\t<\/div><\/div>\t\t\t<\/div>\n\t\t<\/div>\n\t<\/div>\n","protected":false},"excerpt":{"rendered":"<p>Das A1 Group ESG Team und das Sustainable Finance Team haben ihren diesj\u00e4hrigen Corporate Volunteering Tag zur Unterst\u00fctzung der St. Elisabeth Stiftung genutzt.<\/p>\n","protected":false},"author":60,"featured_media":13529,"comment_status":"closed","ping_status":"closed","sticky":false,"template":"","format":"standard","meta":{"_acf_changed":false,"footnotes":""},"categories":[22],"tags":[],"departments":[19],"class_list":["post-13528","post","type-post","status-publish","format-standard","has-post-thumbnail","hentry","category-soziales","department-esg"],"acf":[],"yoast_head":"<!-- This site is optimized with the Yoast SEO plugin v27.4 - https:\/\/yoast.com\/product\/yoast-seo-wordpress\/ -->\n<title>Corporate Volunteering - A1 Group<\/title>\n<meta name=\"robots\" content=\"index, follow, max-snippet:-1, max-image-preview:large, max-video-preview:-1\" \/>\n<link rel=\"canonical\" href=\"https:\/\/a1.com\/de\/corporate-volunteering\/\" \/>\n<meta property=\"og:locale\" content=\"de_DE\" \/>\n<meta property=\"og:type\" content=\"article\" \/>\n<meta property=\"og:title\" content=\"Corporate Volunteering - A1 Group\" \/>\n<meta property=\"og:description\" content=\"Das A1 Group ESG Team und das Sustainable Finance Team haben ihren diesj\u00e4hrigen Corporate Volunteering Tag zur Unterst\u00fctzung der St. Elisabeth Stiftung genutzt.\" \/>\n<meta property=\"og:url\" content=\"https:\/\/a1.com\/de\/corporate-volunteering\/\" \/>\n<meta property=\"og:site_name\" content=\"A1 Group\" \/>\n<meta property=\"article:published_time\" content=\"2024-06-26T12:11:26+00:00\" \/>\n<meta property=\"article:modified_time\" content=\"2024-10-23T11:28:16+00:00\" \/>\n<meta property=\"og:image\" content=\"https:\/\/a1.com\/wp-content\/uploads\/sites\/6\/2024\/06\/Corporate-Volunteering-Foto.jpeg\" \/>\n\t<meta property=\"og:image:width\" content=\"2048\" \/>\n\t<meta property=\"og:image:height\" content=\"1536\" \/>\n\t<meta property=\"og:image:type\" content=\"image\/jpeg\" \/>\n<meta name=\"author\" content=\"pauline\" \/>\n<meta name=\"twitter:card\" content=\"summary_large_image\" \/>\n<meta name=\"twitter:label1\" content=\"Written by\" \/>\n\t<meta name=\"twitter:data1\" content=\"pauline\" \/>\n\t<meta name=\"twitter:label2\" content=\"Est. reading time\" \/>\n\t<meta name=\"twitter:data2\" content=\"1 minute\" \/>\n<script type=\"application\/ld+json\" class=\"yoast-schema-graph\">{\"@context\":\"https:\\\/\\\/schema.org\",\"@graph\":[{\"@type\":\"Article\",\"@id\":\"https:\\\/\\\/a1.com\\\/de\\\/corporate-volunteering\\\/#article\",\"isPartOf\":{\"@id\":\"https:\\\/\\\/a1.com\\\/de\\\/corporate-volunteering\\\/\"},\"author\":{\"name\":\"pauline\",\"@id\":\"https:\\\/\\\/a1.com\\\/#\\\/schema\\\/person\\\/21d9bda585af3b93aeb73b6bbe3e50fe\"},\"headline\":\"Corporate Volunteering\",\"datePublished\":\"2024-06-26T12:11:26+00:00\",\"dateModified\":\"2024-10-23T11:28:16+00:00\",\"mainEntityOfPage\":{\"@id\":\"https:\\\/\\\/a1.com\\\/de\\\/corporate-volunteering\\\/\"},\"wordCount\":2,\"image\":{\"@id\":\"https:\\\/\\\/a1.com\\\/de\\\/corporate-volunteering\\\/#primaryimage\"},\"thumbnailUrl\":\"https:\\\/\\\/a1.com\\\/wp-content\\\/uploads\\\/sites\\\/6\\\/2024\\\/06\\\/Corporate-Volunteering-Foto.jpeg\",\"articleSection\":[\"Soziales\"],\"inLanguage\":\"de-DE\"},{\"@type\":\"WebPage\",\"@id\":\"https:\\\/\\\/a1.com\\\/de\\\/corporate-volunteering\\\/\",\"url\":\"https:\\\/\\\/a1.com\\\/de\\\/corporate-volunteering\\\/\",\"name\":\"Corporate Volunteering - A1 Group\",\"isPartOf\":{\"@id\":\"https:\\\/\\\/a1.com\\\/#website\"},\"primaryImageOfPage\":{\"@id\":\"https:\\\/\\\/a1.com\\\/de\\\/corporate-volunteering\\\/#primaryimage\"},\"image\":{\"@id\":\"https:\\\/\\\/a1.com\\\/de\\\/corporate-volunteering\\\/#primaryimage\"},\"thumbnailUrl\":\"https:\\\/\\\/a1.com\\\/wp-content\\\/uploads\\\/sites\\\/6\\\/2024\\\/06\\\/Corporate-Volunteering-Foto.jpeg\",\"datePublished\":\"2024-06-26T12:11:26+00:00\",\"dateModified\":\"2024-10-23T11:28:16+00:00\",\"author\":{\"@id\":\"https:\\\/\\\/a1.com\\\/#\\\/schema\\\/person\\\/21d9bda585af3b93aeb73b6bbe3e50fe\"},\"breadcrumb\":{\"@id\":\"https:\\\/\\\/a1.com\\\/de\\\/corporate-volunteering\\\/#breadcrumb\"},\"inLanguage\":\"de-DE\",\"potentialAction\":[{\"@type\":\"ReadAction\",\"target\":[\"https:\\\/\\\/a1.com\\\/de\\\/corporate-volunteering\\\/\"]}]},{\"@type\":\"ImageObject\",\"inLanguage\":\"de-DE\",\"@id\":\"https:\\\/\\\/a1.com\\\/de\\\/corporate-volunteering\\\/#primaryimage\",\"url\":\"https:\\\/\\\/a1.com\\\/wp-content\\\/uploads\\\/sites\\\/6\\\/2024\\\/06\\\/Corporate-Volunteering-Foto.jpeg\",\"contentUrl\":\"https:\\\/\\\/a1.com\\\/wp-content\\\/uploads\\\/sites\\\/6\\\/2024\\\/06\\\/Corporate-Volunteering-Foto.jpeg\",\"width\":2048,\"height\":1536},{\"@type\":\"BreadcrumbList\",\"@id\":\"https:\\\/\\\/a1.com\\\/de\\\/corporate-volunteering\\\/#breadcrumb\",\"itemListElement\":[{\"@type\":\"ListItem\",\"position\":1,\"name\":\"Home\",\"item\":\"https:\\\/\\\/a1.com\\\/de\\\/\"},{\"@type\":\"ListItem\",\"position\":2,\"name\":\"Corporate Volunteering\"}]},{\"@type\":\"WebSite\",\"@id\":\"https:\\\/\\\/a1.com\\\/#website\",\"url\":\"https:\\\/\\\/a1.com\\\/\",\"name\":\"A1 Group\",\"description\":\"\",\"potentialAction\":[{\"@type\":\"SearchAction\",\"target\":{\"@type\":\"EntryPoint\",\"urlTemplate\":\"https:\\\/\\\/a1.com\\\/?s={search_term_string}\"},\"query-input\":{\"@type\":\"PropertyValueSpecification\",\"valueRequired\":true,\"valueName\":\"search_term_string\"}}],\"inLanguage\":\"de-DE\"},{\"@type\":\"Person\",\"@id\":\"https:\\\/\\\/a1.com\\\/#\\\/schema\\\/person\\\/21d9bda585af3b93aeb73b6bbe3e50fe\",\"name\":\"pauline\",\"image\":{\"@type\":\"ImageObject\",\"inLanguage\":\"de-DE\",\"@id\":\"https:\\\/\\\/secure.gravatar.com\\\/avatar\\\/a293fd64798645838942d256eda8750e9ce0b8976d103a850ba73049a3984cc6?s=96&d=mm&r=g\",\"url\":\"https:\\\/\\\/secure.gravatar.com\\\/avatar\\\/a293fd64798645838942d256eda8750e9ce0b8976d103a850ba73049a3984cc6?s=96&d=mm&r=g\",\"contentUrl\":\"https:\\\/\\\/secure.gravatar.com\\\/avatar\\\/a293fd64798645838942d256eda8750e9ce0b8976d103a850ba73049a3984cc6?s=96&d=mm&r=g\",\"caption\":\"pauline\"}}]}<\/script>\n<!-- \/ Yoast SEO plugin. -->","yoast_head_json":{"title":"Corporate Volunteering - A1 Group","robots":{"index":"index","follow":"follow","max-snippet":"max-snippet:-1","max-image-preview":"max-image-preview:large","max-video-preview":"max-video-preview:-1"},"canonical":"https:\/\/a1.com\/de\/corporate-volunteering\/","og_locale":"de_DE","og_type":"article","og_title":"Corporate Volunteering - A1 Group","og_description":"Das A1 Group ESG Team und das Sustainable Finance Team haben ihren diesj\u00e4hrigen Corporate Volunteering Tag zur Unterst\u00fctzung der St. Elisabeth Stiftung genutzt.","og_url":"https:\/\/a1.com\/de\/corporate-volunteering\/","og_site_name":"A1 Group","article_published_time":"2024-06-26T12:11:26+00:00","article_modified_time":"2024-10-23T11:28:16+00:00","og_image":[{"width":2048,"height":1536,"url":"https:\/\/a1.com\/wp-content\/uploads\/sites\/6\/2024\/06\/Corporate-Volunteering-Foto.jpeg","type":"image\/jpeg"}],"author":"pauline","twitter_card":"summary_large_image","twitter_misc":{"Written by":"pauline","Est. reading time":"1 minute"},"schema":{"@context":"https:\/\/schema.org","@graph":[{"@type":"Article","@id":"https:\/\/a1.com\/de\/corporate-volunteering\/#article","isPartOf":{"@id":"https:\/\/a1.com\/de\/corporate-volunteering\/"},"author":{"name":"pauline","@id":"https:\/\/a1.com\/#\/schema\/person\/21d9bda585af3b93aeb73b6bbe3e50fe"},"headline":"Corporate Volunteering","datePublished":"2024-06-26T12:11:26+00:00","dateModified":"2024-10-23T11:28:16+00:00","mainEntityOfPage":{"@id":"https:\/\/a1.com\/de\/corporate-volunteering\/"},"wordCount":2,"image":{"@id":"https:\/\/a1.com\/de\/corporate-volunteering\/#primaryimage"},"thumbnailUrl":"https:\/\/a1.com\/wp-content\/uploads\/sites\/6\/2024\/06\/Corporate-Volunteering-Foto.jpeg","articleSection":["Soziales"],"inLanguage":"de-DE"},{"@type":"WebPage","@id":"https:\/\/a1.com\/de\/corporate-volunteering\/","url":"https:\/\/a1.com\/de\/corporate-volunteering\/","name":"Corporate Volunteering - A1 Group","isPartOf":{"@id":"https:\/\/a1.com\/#website"},"primaryImageOfPage":{"@id":"https:\/\/a1.com\/de\/corporate-volunteering\/#primaryimage"},"image":{"@id":"https:\/\/a1.com\/de\/corporate-volunteering\/#primaryimage"},"thumbnailUrl":"https:\/\/a1.com\/wp-content\/uploads\/sites\/6\/2024\/06\/Corporate-Volunteering-Foto.jpeg","datePublished":"2024-06-26T12:11:26+00:00","dateModified":"2024-10-23T11:28:16+00:00","author":{"@id":"https:\/\/a1.com\/#\/schema\/person\/21d9bda585af3b93aeb73b6bbe3e50fe"},"breadcrumb":{"@id":"https:\/\/a1.com\/de\/corporate-volunteering\/#breadcrumb"},"inLanguage":"de-DE","potentialAction":[{"@type":"ReadAction","target":["https:\/\/a1.com\/de\/corporate-volunteering\/"]}]},{"@type":"ImageObject","inLanguage":"de-DE","@id":"https:\/\/a1.com\/de\/corporate-volunteering\/#primaryimage","url":"https:\/\/a1.com\/wp-content\/uploads\/sites\/6\/2024\/06\/Corporate-Volunteering-Foto.jpeg","contentUrl":"https:\/\/a1.com\/wp-content\/uploads\/sites\/6\/2024\/06\/Corporate-Volunteering-Foto.jpeg","width":2048,"height":1536},{"@type":"BreadcrumbList","@id":"https:\/\/a1.com\/de\/corporate-volunteering\/#breadcrumb","itemListElement":[{"@type":"ListItem","position":1,"name":"Home","item":"https:\/\/a1.com\/de\/"},{"@type":"ListItem","position":2,"name":"Corporate Volunteering"}]},{"@type":"WebSite","@id":"https:\/\/a1.com\/#website","url":"https:\/\/a1.com\/","name":"A1 Group","description":"","potentialAction":[{"@type":"SearchAction","target":{"@type":"EntryPoint","urlTemplate":"https:\/\/a1.com\/?s={search_term_string}"},"query-input":{"@type":"PropertyValueSpecification","valueRequired":true,"valueName":"search_term_string"}}],"inLanguage":"de-DE"},{"@type":"Person","@id":"https:\/\/a1.com\/#\/schema\/person\/21d9bda585af3b93aeb73b6bbe3e50fe","name":"pauline","image":{"@type":"ImageObject","inLanguage":"de-DE","@id":"https:\/\/secure.gravatar.com\/avatar\/a293fd64798645838942d256eda8750e9ce0b8976d103a850ba73049a3984cc6?s=96&d=mm&r=g","url":"https:\/\/secure.gravatar.com\/avatar\/a293fd64798645838942d256eda8750e9ce0b8976d103a850ba73049a3984cc6?s=96&d=mm&r=g","contentUrl":"https:\/\/secure.gravatar.com\/avatar\/a293fd64798645838942d256eda8750e9ce0b8976d103a850ba73049a3984cc6?s=96&d=mm&r=g","caption":"pauline"}}]}},"_links":{"self":[{"href":"https:\/\/a1.com\/de\/wp-json\/wp\/v2\/posts\/13528","targetHints":{"allow":["GET"]}}],"collection":[{"href":"https:\/\/a1.com\/de\/wp-json\/wp\/v2\/posts"}],"about":[{"href":"https:\/\/a1.com\/de\/wp-json\/wp\/v2\/types\/post"}],"author":[{"embeddable":true,"href":"https:\/\/a1.com\/de\/wp-json\/wp\/v2\/users\/60"}],"replies":[{"embeddable":true,"href":"https:\/\/a1.com\/de\/wp-json\/wp\/v2\/comments?post=13528"}],"version-history":[{"count":4,"href":"https:\/\/a1.com\/de\/wp-json\/wp\/v2\/posts\/13528\/revisions"}],"predecessor-version":[{"id":14165,"href":"https:\/\/a1.com\/de\/wp-json\/wp\/v2\/posts\/13528\/revisions\/14165"}],"wp:featuredmedia":[{"embeddable":true,"href":"https:\/\/a1.com\/de\/wp-json\/wp\/v2\/media\/13529"}],"wp:attachment":[{"href":"https:\/\/a1.com\/de\/wp-json\/wp\/v2\/media?parent=13528"}],"wp:term":[{"taxonomy":"category","embeddable":true,"href":"https:\/\/a1.com\/de\/wp-json\/wp\/v2\/categories?post=13528"},{"taxonomy":"post_tag","embeddable":true,"href":"https:\/\/a1.com\/de\/wp-json\/wp\/v2\/tags?post=13528"},{"taxonomy":"department","embeddable":true,"href":"https:\/\/a1.com\/de\/wp-json\/wp\/v2\/departments?post=13528"}],"curies":[{"name":"wp","href":"https:\/\/api.w.org\/{rel}","templated":true}]}}