{"id":12731,"date":"2024-02-07T16:12:00","date_gmt":"2024-02-07T15:12:00","guid":{"rendered":"https:\/\/a1.com\/?p=12731"},"modified":"2025-02-07T12:06:37","modified_gmt":"2025-02-07T11:06:37","slug":"safer-internet-day-a1-group","status":"publish","type":"post","link":"https:\/\/a1.com\/de\/safer-internet-day-a1-group\/","title":{"rendered":"Safer Internet Day @ A1 Group"},"content":{"rendered":"\n<div class=\"block-hero-image block-hero-image__size--large\">\n\t<div class=\"image-wrap block-hero-image__image-wrap\" data-align=\"center center\">\n\n\t\t\t<div\n\t\t\tstyle=\"background-image:url(https:\/\/a1.com\/wp-content\/uploads\/sites\/6\/2024\/02\/Digitalcampus_Schnitt_16x09.00_00_25_19.Standbild003-2.jpg-002-2-scaled.jpg)\"\n\t\t\tclass=\"image image--bg image__rounded-corners--none block-hero-image__image\">\n\t\t<\/div>\n\t\n\t<\/div><\/div>\n\n\n<div\n\tclass=\"wrapper wrapper__bg-color--white wrapper__spacing-top-large--60 wrapper__spacing-bottom-large--40       wrapper__border-color-large--primary wrapper__border-size-large--none\"\n\t>\n\n\t\n\t\t\t<div class=\"wrapper__container wrapper__container-width-large--default wrapper__gutter-desktop--default wrapper__gutter-tablet--small\">\n\t\t\t<div class=\"wrapper__inner wrapper__width-large--6 wrapper__width-mobile--12 wrapper__offset-large--3 wrapper__offset-mobile--0\">\n\t\t\t\t<h2 class=\"heading heading__color--black heading__size--default heading__align--left heading__font-family--serif heading__font-weight--bold block-heading__heading\">\n\tDurch digitale Bildung das Internet sicherer gestalten<\/h2>\t\t\t<\/div>\n\t\t<\/div>\n\t<\/div>\n\n\n<div\n\tclass=\"wrapper wrapper__bg-color--white  wrapper__spacing-bottom-large--40       wrapper__border-color-large--primary wrapper__border-size-large--none\"\n\t>\n\n\t\n\t\t\t<div class=\"wrapper__container wrapper__container-width-large--default wrapper__gutter-desktop--default wrapper__gutter-tablet--small\">\n\t\t\t<div class=\"wrapper__inner wrapper__width-large--6 wrapper__width-mobile--12 wrapper__offset-large--3 wrapper__offset-mobile--0\">\n\t\t\t\t<p class=\"paragraph paragraph__color--black paragraph__size--default paragraph__align--left paragraph__font-family--sans block-paragraph__paragraph\">\n\tAm 6. Februar haben weltweit Institutionen, Unternehmen und Privatpersonen unter dem Motto \u201eTogether for a better internet&#8221; den \u201eSafer Internet Day&#8221; gefeiert. Dieser Tag steht jedes Jahr ganz im Zeichen eines sicheren Miteinanders im digitalen Raum, insbesondere f\u00fcr Kinder und Jugendliche.<br><br>Zu diesem Anlass boten Saferinternet.at in Zusammenarbeit mit dem A1 digital.campus in \u00d6sterreich kostenfreie Online-Workshops an. Unter der Leitung von Barbara Buchegger, der p\u00e4dagogischen Leiterin von Saferinternet.at, fanden zwei Veranstaltungen statt: Ein Vortrag mit Infos und Tipps f\u00fcr Lehrende sowie die Pr\u00e4sentation aktueller Studienergebnisse zum Thema \u201eSch\u00f6nheitsideale im Internet&#8221;. Es wurden spannende Erkenntnisse geteilt, Diskussionen angeregt und praxisnahe Empfehlungen gegeben, um den Herausforderungen im digitalen Zeitalter aktiv zu begegnen.<br><br>Aber auch \u00fcber den \u201eSafer Internet Day\u201c hinaus engagieren wir uns bei A1 f\u00fcr digitale Bildung.<br><br>In Zusammenarbeit mit der Organisation Safe Internet wurden das ganze Jahr \u00fcber bei A1 in Slowenien kostenlose p\u00e4dagogische Veranstaltungen f\u00fcr slowenische Grundsch\u00fcler angeboten. Mehr als 34.000 Kinder haben daran teilgenommen, und es wurden zudem au\u00dferschulische Aktivit\u00e4ten organisiert. Der H\u00f6hepunkt des vergangenen Jahres wurde schlie\u00dflich erreicht als \u00fcber 20.000 Sch\u00fcler:innen an einem landesweiten Quiz teilnahmen und damit einen Eintrag ins Guinness-Buch der Rekorde schafften.<br><br>Bei A1 in Bulgarien werden Initiativen f\u00fcr die \u00e4ltere Generation angeboten: Die Initiative \u201eInternet f\u00fcr Alle 55+\u201c, die sich auf \u00e4ltere Menschen konzentriert, wurde weitergef\u00fchrt, und beispielsweise Workshops zu den Themen \u201eOnline-Shopping\u201c, \u201eFacebook\u201c und \u201eFake News\u201c anbietet.<br><br>Zudem zielt das A1 STEMFemme Junior-Projekt in Kroatien darauf ab, Aspirationen zu st\u00e4rken und vor allem M\u00e4dchen f\u00fcr MINT-Berufe zu motivieren. Es wurde von A1 Kroatien und dem Institut f\u00fcr Sozialforschung in Zagreb ins Leben gerufen und beinhaltet die Entwicklung eines MINT-Workshop-Curriculums f\u00fcr Sch\u00fclerinnen und Sch\u00fcler der f\u00fcnften und sechsten Klasse an Grundschulen. Das Ziel ist es, neue F\u00e4higkeiten mit modernen Technologien zu entwickeln und das Lernen durch alltagsnahe Modelle und Beispiele zu f\u00f6rdern. Das Pilotprojekt sollte urspr\u00fcnglich f\u00fcnf Grundschulen umfassen, aber aufgrund des gro\u00dfen Interesses wird das Programm nun in allen 14 Schulen umgesetzt, die sich beworben haben.<\/p>\t\t\t<\/div>\n\t\t<\/div>\n\t<\/div>\n\n\n<div\n\tclass=\"wrapper wrapper__bg-color--white  wrapper__spacing-bottom-large--40       wrapper__border-color-large--primary wrapper__border-size-large--none\"\n\t>\n\n\t\n\t\t\t<div class=\"wrapper__container wrapper__container-width-large--default wrapper__gutter-desktop--default wrapper__gutter-tablet--small\">\n\t\t\t<div class=\"wrapper__inner wrapper__width-large--12\">\n\t\t\t\t<div class=\"call-to-action block-cta__call-to-action\">\n\t<h2 class=\"heading heading__color--black heading__size--default heading__align--center heading__font-family--serif heading__font-weight--bold call-to-action__heading\">\n\tESG bei A1<\/h2><p class=\"paragraph paragraph__color--black paragraph__size--default-constant paragraph__align--center paragraph__font-family--sans call-to-action__paragraph\">\n\tErfahren Sie mehr \u00fcber die verschiedenen ESG-Initiativen <br>und Schwerpunktbereiche von A1.<\/p><div class=\"btn-wrap btn-wrap__align--center call-to-action__btn-wrap\">\n\t\t\t<a\n\t\t\thref=\"https:\/\/a1.com\/de\/category\/soziales\/\"\n\t\t\tclass=\"btn btn__color--primary btn__size--default btn__size-width--default btn__icon-position--left btn__font-family--sans  call-to-action__btn\"\n\t\t\tid=\"\"\n\t\t\ttitle=\"ESG News\"\n\t\t\taria-label=\"\"\n\t\t\ttarget=_blank rel=\"noopener noreferrer\" \t\t>\n\t\t\t\t\t\tESG News\t\t<\/a>\n\t<\/div><\/div>\t\t\t<\/div>\n\t\t<\/div>\n\t<\/div>\n","protected":false},"excerpt":{"rendered":"<p>Am 6. Februar feierten Institutionen, Unternehmen und Privatpersonen weltweit den &#8220;Safer Internet Day&#8221; unter dem Motto &#8220;Together for a better internet&#8221;. Die A1 Group setzt sich nicht nur an diesem Tag, sondern auch dar\u00fcber hinaus f\u00fcr digitale Bildung ein, mit Veranstaltungen wie kostenlosen Workshops in Slowenien und dem A1 STEMFemme Junior-Projekt in Kroatien.<\/p>\n","protected":false},"author":60,"featured_media":12736,"comment_status":"closed","ping_status":"closed","sticky":false,"template":"","format":"standard","meta":{"_acf_changed":false,"footnotes":""},"categories":[22],"tags":[],"departments":[19],"class_list":["post-12731","post","type-post","status-publish","format-standard","has-post-thumbnail","hentry","category-soziales","department-esg"],"acf":[],"yoast_head":"<!-- This site is optimized with the Yoast SEO plugin v27.4 - https:\/\/yoast.com\/product\/yoast-seo-wordpress\/ -->\n<title>Safer Internet Day @ A1 Group - A1 Group<\/title>\n<meta name=\"robots\" content=\"index, follow, max-snippet:-1, max-image-preview:large, max-video-preview:-1\" \/>\n<link rel=\"canonical\" href=\"https:\/\/a1.com\/de\/safer-internet-day-a1-group\/\" \/>\n<meta property=\"og:locale\" content=\"de_DE\" \/>\n<meta property=\"og:type\" content=\"article\" \/>\n<meta property=\"og:title\" content=\"Safer Internet Day @ A1 Group - A1 Group\" \/>\n<meta property=\"og:description\" content=\"Am 6. Februar feierten Institutionen, Unternehmen und Privatpersonen weltweit den &quot;Safer Internet Day&quot; unter dem Motto &quot;Together for a better internet&quot;. Die A1 Group setzt sich nicht nur an diesem Tag, sondern auch dar\u00fcber hinaus f\u00fcr digitale Bildung ein, mit Veranstaltungen wie kostenlosen Workshops in Slowenien und dem A1 STEMFemme Junior-Projekt in Kroatien.\" \/>\n<meta property=\"og:url\" content=\"https:\/\/a1.com\/de\/safer-internet-day-a1-group\/\" \/>\n<meta property=\"og:site_name\" content=\"A1 Group\" \/>\n<meta property=\"article:published_time\" content=\"2024-02-07T15:12:00+00:00\" \/>\n<meta property=\"article:modified_time\" content=\"2025-02-07T11:06:37+00:00\" \/>\n<meta property=\"og:image\" content=\"https:\/\/a1.com\/wp-content\/uploads\/sites\/6\/2024\/02\/Digitalcampus_Schnitt_16x09.00_00_25_19.Standbild003.jpg-002-scaled.jpg\" \/>\n\t<meta property=\"og:image:width\" content=\"2560\" \/>\n\t<meta property=\"og:image:height\" content=\"1440\" \/>\n\t<meta property=\"og:image:type\" content=\"image\/jpeg\" \/>\n<meta name=\"author\" content=\"pauline\" \/>\n<meta name=\"twitter:card\" content=\"summary_large_image\" \/>\n<meta name=\"twitter:label1\" content=\"Written by\" \/>\n\t<meta name=\"twitter:data1\" content=\"pauline\" \/>\n\t<meta name=\"twitter:label2\" content=\"Est. reading time\" \/>\n\t<meta name=\"twitter:data2\" content=\"2 minutes\" \/>\n<script type=\"application\/ld+json\" class=\"yoast-schema-graph\">{\"@context\":\"https:\\\/\\\/schema.org\",\"@graph\":[{\"@type\":\"Article\",\"@id\":\"https:\\\/\\\/a1.com\\\/de\\\/safer-internet-day-a1-group\\\/#article\",\"isPartOf\":{\"@id\":\"https:\\\/\\\/a1.com\\\/de\\\/safer-internet-day-a1-group\\\/\"},\"author\":{\"name\":\"pauline\",\"@id\":\"https:\\\/\\\/a1.com\\\/#\\\/schema\\\/person\\\/21d9bda585af3b93aeb73b6bbe3e50fe\"},\"headline\":\"Safer Internet Day @ A1 Group\",\"datePublished\":\"2024-02-07T15:12:00+00:00\",\"dateModified\":\"2025-02-07T11:06:37+00:00\",\"mainEntityOfPage\":{\"@id\":\"https:\\\/\\\/a1.com\\\/de\\\/safer-internet-day-a1-group\\\/\"},\"wordCount\":5,\"image\":{\"@id\":\"https:\\\/\\\/a1.com\\\/de\\\/safer-internet-day-a1-group\\\/#primaryimage\"},\"thumbnailUrl\":\"https:\\\/\\\/a1.com\\\/wp-content\\\/uploads\\\/sites\\\/6\\\/2024\\\/02\\\/Digitalcampus_Schnitt_16x09.00_00_25_19.Standbild003.jpg-002-scaled.jpg\",\"articleSection\":[\"Soziales\"],\"inLanguage\":\"de-DE\"},{\"@type\":\"WebPage\",\"@id\":\"https:\\\/\\\/a1.com\\\/de\\\/safer-internet-day-a1-group\\\/\",\"url\":\"https:\\\/\\\/a1.com\\\/de\\\/safer-internet-day-a1-group\\\/\",\"name\":\"Safer Internet Day @ A1 Group - A1 Group\",\"isPartOf\":{\"@id\":\"https:\\\/\\\/a1.com\\\/#website\"},\"primaryImageOfPage\":{\"@id\":\"https:\\\/\\\/a1.com\\\/de\\\/safer-internet-day-a1-group\\\/#primaryimage\"},\"image\":{\"@id\":\"https:\\\/\\\/a1.com\\\/de\\\/safer-internet-day-a1-group\\\/#primaryimage\"},\"thumbnailUrl\":\"https:\\\/\\\/a1.com\\\/wp-content\\\/uploads\\\/sites\\\/6\\\/2024\\\/02\\\/Digitalcampus_Schnitt_16x09.00_00_25_19.Standbild003.jpg-002-scaled.jpg\",\"datePublished\":\"2024-02-07T15:12:00+00:00\",\"dateModified\":\"2025-02-07T11:06:37+00:00\",\"author\":{\"@id\":\"https:\\\/\\\/a1.com\\\/#\\\/schema\\\/person\\\/21d9bda585af3b93aeb73b6bbe3e50fe\"},\"breadcrumb\":{\"@id\":\"https:\\\/\\\/a1.com\\\/de\\\/safer-internet-day-a1-group\\\/#breadcrumb\"},\"inLanguage\":\"de-DE\",\"potentialAction\":[{\"@type\":\"ReadAction\",\"target\":[\"https:\\\/\\\/a1.com\\\/de\\\/safer-internet-day-a1-group\\\/\"]}]},{\"@type\":\"ImageObject\",\"inLanguage\":\"de-DE\",\"@id\":\"https:\\\/\\\/a1.com\\\/de\\\/safer-internet-day-a1-group\\\/#primaryimage\",\"url\":\"https:\\\/\\\/a1.com\\\/wp-content\\\/uploads\\\/sites\\\/6\\\/2024\\\/02\\\/Digitalcampus_Schnitt_16x09.00_00_25_19.Standbild003.jpg-002-scaled.jpg\",\"contentUrl\":\"https:\\\/\\\/a1.com\\\/wp-content\\\/uploads\\\/sites\\\/6\\\/2024\\\/02\\\/Digitalcampus_Schnitt_16x09.00_00_25_19.Standbild003.jpg-002-scaled.jpg\",\"width\":2560,\"height\":1440},{\"@type\":\"BreadcrumbList\",\"@id\":\"https:\\\/\\\/a1.com\\\/de\\\/safer-internet-day-a1-group\\\/#breadcrumb\",\"itemListElement\":[{\"@type\":\"ListItem\",\"position\":1,\"name\":\"Home\",\"item\":\"https:\\\/\\\/a1.com\\\/de\\\/\"},{\"@type\":\"ListItem\",\"position\":2,\"name\":\"Safer Internet Day @ A1 Group\"}]},{\"@type\":\"WebSite\",\"@id\":\"https:\\\/\\\/a1.com\\\/#website\",\"url\":\"https:\\\/\\\/a1.com\\\/\",\"name\":\"A1 Group\",\"description\":\"\",\"potentialAction\":[{\"@type\":\"SearchAction\",\"target\":{\"@type\":\"EntryPoint\",\"urlTemplate\":\"https:\\\/\\\/a1.com\\\/?s={search_term_string}\"},\"query-input\":{\"@type\":\"PropertyValueSpecification\",\"valueRequired\":true,\"valueName\":\"search_term_string\"}}],\"inLanguage\":\"de-DE\"},{\"@type\":\"Person\",\"@id\":\"https:\\\/\\\/a1.com\\\/#\\\/schema\\\/person\\\/21d9bda585af3b93aeb73b6bbe3e50fe\",\"name\":\"pauline\",\"image\":{\"@type\":\"ImageObject\",\"inLanguage\":\"de-DE\",\"@id\":\"https:\\\/\\\/secure.gravatar.com\\\/avatar\\\/a293fd64798645838942d256eda8750e9ce0b8976d103a850ba73049a3984cc6?s=96&d=mm&r=g\",\"url\":\"https:\\\/\\\/secure.gravatar.com\\\/avatar\\\/a293fd64798645838942d256eda8750e9ce0b8976d103a850ba73049a3984cc6?s=96&d=mm&r=g\",\"contentUrl\":\"https:\\\/\\\/secure.gravatar.com\\\/avatar\\\/a293fd64798645838942d256eda8750e9ce0b8976d103a850ba73049a3984cc6?s=96&d=mm&r=g\",\"caption\":\"pauline\"}}]}<\/script>\n<!-- \/ Yoast SEO plugin. -->","yoast_head_json":{"title":"Safer Internet Day @ A1 Group - A1 Group","robots":{"index":"index","follow":"follow","max-snippet":"max-snippet:-1","max-image-preview":"max-image-preview:large","max-video-preview":"max-video-preview:-1"},"canonical":"https:\/\/a1.com\/de\/safer-internet-day-a1-group\/","og_locale":"de_DE","og_type":"article","og_title":"Safer Internet Day @ A1 Group - A1 Group","og_description":"Am 6. Februar feierten Institutionen, Unternehmen und Privatpersonen weltweit den \"Safer Internet Day\" unter dem Motto \"Together for a better internet\". Die A1 Group setzt sich nicht nur an diesem Tag, sondern auch dar\u00fcber hinaus f\u00fcr digitale Bildung ein, mit Veranstaltungen wie kostenlosen Workshops in Slowenien und dem A1 STEMFemme Junior-Projekt in Kroatien.","og_url":"https:\/\/a1.com\/de\/safer-internet-day-a1-group\/","og_site_name":"A1 Group","article_published_time":"2024-02-07T15:12:00+00:00","article_modified_time":"2025-02-07T11:06:37+00:00","og_image":[{"width":2560,"height":1440,"url":"https:\/\/a1.com\/wp-content\/uploads\/sites\/6\/2024\/02\/Digitalcampus_Schnitt_16x09.00_00_25_19.Standbild003.jpg-002-scaled.jpg","type":"image\/jpeg"}],"author":"pauline","twitter_card":"summary_large_image","twitter_misc":{"Written by":"pauline","Est. reading time":"2 minutes"},"schema":{"@context":"https:\/\/schema.org","@graph":[{"@type":"Article","@id":"https:\/\/a1.com\/de\/safer-internet-day-a1-group\/#article","isPartOf":{"@id":"https:\/\/a1.com\/de\/safer-internet-day-a1-group\/"},"author":{"name":"pauline","@id":"https:\/\/a1.com\/#\/schema\/person\/21d9bda585af3b93aeb73b6bbe3e50fe"},"headline":"Safer Internet Day @ A1 Group","datePublished":"2024-02-07T15:12:00+00:00","dateModified":"2025-02-07T11:06:37+00:00","mainEntityOfPage":{"@id":"https:\/\/a1.com\/de\/safer-internet-day-a1-group\/"},"wordCount":5,"image":{"@id":"https:\/\/a1.com\/de\/safer-internet-day-a1-group\/#primaryimage"},"thumbnailUrl":"https:\/\/a1.com\/wp-content\/uploads\/sites\/6\/2024\/02\/Digitalcampus_Schnitt_16x09.00_00_25_19.Standbild003.jpg-002-scaled.jpg","articleSection":["Soziales"],"inLanguage":"de-DE"},{"@type":"WebPage","@id":"https:\/\/a1.com\/de\/safer-internet-day-a1-group\/","url":"https:\/\/a1.com\/de\/safer-internet-day-a1-group\/","name":"Safer Internet Day @ A1 Group - A1 Group","isPartOf":{"@id":"https:\/\/a1.com\/#website"},"primaryImageOfPage":{"@id":"https:\/\/a1.com\/de\/safer-internet-day-a1-group\/#primaryimage"},"image":{"@id":"https:\/\/a1.com\/de\/safer-internet-day-a1-group\/#primaryimage"},"thumbnailUrl":"https:\/\/a1.com\/wp-content\/uploads\/sites\/6\/2024\/02\/Digitalcampus_Schnitt_16x09.00_00_25_19.Standbild003.jpg-002-scaled.jpg","datePublished":"2024-02-07T15:12:00+00:00","dateModified":"2025-02-07T11:06:37+00:00","author":{"@id":"https:\/\/a1.com\/#\/schema\/person\/21d9bda585af3b93aeb73b6bbe3e50fe"},"breadcrumb":{"@id":"https:\/\/a1.com\/de\/safer-internet-day-a1-group\/#breadcrumb"},"inLanguage":"de-DE","potentialAction":[{"@type":"ReadAction","target":["https:\/\/a1.com\/de\/safer-internet-day-a1-group\/"]}]},{"@type":"ImageObject","inLanguage":"de-DE","@id":"https:\/\/a1.com\/de\/safer-internet-day-a1-group\/#primaryimage","url":"https:\/\/a1.com\/wp-content\/uploads\/sites\/6\/2024\/02\/Digitalcampus_Schnitt_16x09.00_00_25_19.Standbild003.jpg-002-scaled.jpg","contentUrl":"https:\/\/a1.com\/wp-content\/uploads\/sites\/6\/2024\/02\/Digitalcampus_Schnitt_16x09.00_00_25_19.Standbild003.jpg-002-scaled.jpg","width":2560,"height":1440},{"@type":"BreadcrumbList","@id":"https:\/\/a1.com\/de\/safer-internet-day-a1-group\/#breadcrumb","itemListElement":[{"@type":"ListItem","position":1,"name":"Home","item":"https:\/\/a1.com\/de\/"},{"@type":"ListItem","position":2,"name":"Safer Internet Day @ A1 Group"}]},{"@type":"WebSite","@id":"https:\/\/a1.com\/#website","url":"https:\/\/a1.com\/","name":"A1 Group","description":"","potentialAction":[{"@type":"SearchAction","target":{"@type":"EntryPoint","urlTemplate":"https:\/\/a1.com\/?s={search_term_string}"},"query-input":{"@type":"PropertyValueSpecification","valueRequired":true,"valueName":"search_term_string"}}],"inLanguage":"de-DE"},{"@type":"Person","@id":"https:\/\/a1.com\/#\/schema\/person\/21d9bda585af3b93aeb73b6bbe3e50fe","name":"pauline","image":{"@type":"ImageObject","inLanguage":"de-DE","@id":"https:\/\/secure.gravatar.com\/avatar\/a293fd64798645838942d256eda8750e9ce0b8976d103a850ba73049a3984cc6?s=96&d=mm&r=g","url":"https:\/\/secure.gravatar.com\/avatar\/a293fd64798645838942d256eda8750e9ce0b8976d103a850ba73049a3984cc6?s=96&d=mm&r=g","contentUrl":"https:\/\/secure.gravatar.com\/avatar\/a293fd64798645838942d256eda8750e9ce0b8976d103a850ba73049a3984cc6?s=96&d=mm&r=g","caption":"pauline"}}]}},"_links":{"self":[{"href":"https:\/\/a1.com\/de\/wp-json\/wp\/v2\/posts\/12731","targetHints":{"allow":["GET"]}}],"collection":[{"href":"https:\/\/a1.com\/de\/wp-json\/wp\/v2\/posts"}],"about":[{"href":"https:\/\/a1.com\/de\/wp-json\/wp\/v2\/types\/post"}],"author":[{"embeddable":true,"href":"https:\/\/a1.com\/de\/wp-json\/wp\/v2\/users\/60"}],"replies":[{"embeddable":true,"href":"https:\/\/a1.com\/de\/wp-json\/wp\/v2\/comments?post=12731"}],"version-history":[{"count":10,"href":"https:\/\/a1.com\/de\/wp-json\/wp\/v2\/posts\/12731\/revisions"}],"predecessor-version":[{"id":14161,"href":"https:\/\/a1.com\/de\/wp-json\/wp\/v2\/posts\/12731\/revisions\/14161"}],"wp:featuredmedia":[{"embeddable":true,"href":"https:\/\/a1.com\/de\/wp-json\/wp\/v2\/media\/12736"}],"wp:attachment":[{"href":"https:\/\/a1.com\/de\/wp-json\/wp\/v2\/media?parent=12731"}],"wp:term":[{"taxonomy":"category","embeddable":true,"href":"https:\/\/a1.com\/de\/wp-json\/wp\/v2\/categories?post=12731"},{"taxonomy":"post_tag","embeddable":true,"href":"https:\/\/a1.com\/de\/wp-json\/wp\/v2\/tags?post=12731"},{"taxonomy":"department","embeddable":true,"href":"https:\/\/a1.com\/de\/wp-json\/wp\/v2\/departments?post=12731"}],"curies":[{"name":"wp","href":"https:\/\/api.w.org\/{rel}","templated":true}]}}